{"id":163170,"date":"2021-08-31T07:11:10","date_gmt":"2021-08-31T11:11:10","guid":{"rendered":"https:\/\/mspontocom.com.br\/site\/?p=163170"},"modified":"2021-08-31T07:11:10","modified_gmt":"2021-08-31T11:11:10","slug":"cdl-campo-grande-lanca-pev-programa-de-especializacao-do-varejo","status":"publish","type":"post","link":"http:\/\/mspontocom.com.br\/site\/cdl-campo-grande-lanca-pev-programa-de-especializacao-do-varejo\/","title":{"rendered":"CDL Campo Grande lan\u00e7a PEV \u2013 Programa de Especializa\u00e7\u00e3o do Varejo"},"content":{"rendered":"<p><img loading=\"lazy\" class=\"alignnone size-full wp-image-163171\" src=\"https:\/\/mspontocom.com.br\/site\/wp-content\/uploads\/2021\/08\/site-cdl-campo-grande-lanca-pev-programa-de-especializacao-do-varejo-pev-e1630408162516.jpeg\" alt=\"\" width=\"918\" height=\"643\" srcset=\"http:\/\/mspontocom.com.br\/site\/wp-content\/uploads\/2021\/08\/site-cdl-campo-grande-lanca-pev-programa-de-especializacao-do-varejo-pev-e1630408162516.jpeg 918w, http:\/\/mspontocom.com.br\/site\/wp-content\/uploads\/2021\/08\/site-cdl-campo-grande-lanca-pev-programa-de-especializacao-do-varejo-pev-e1630408162516-260x182.jpeg 260w, http:\/\/mspontocom.com.br\/site\/wp-content\/uploads\/2021\/08\/site-cdl-campo-grande-lanca-pev-programa-de-especializacao-do-varejo-pev-e1630408162516-768x538.jpeg 768w\" sizes=\"(max-width: 918px) 100vw, 918px\" \/>A CDL CG \u2013 C\u00e2mara de Dirigentes Lojistas de Campo Grande lan\u00e7a nesta ter\u00e7a-feira (31), no Cin\u00e9polis do Shopping Norte Sul, o PEV \u2013 Programa de Especializa\u00e7\u00e3o do Varejo.<\/p>\n<p style=\"font-weight: 400;\">O PEV \u00e9 fundamentado em quatro pilares. \u201cTrabalharemos Gest\u00e3o de Pessoas; Marketing; Financeiro; Comercial e Vendas. Al\u00e9m disso, temos a proposta de trabalhar o perfil comportamental no varejo\u201d, pontuou a diretora da Academia CDL, Vanessa Vel\u00e1sques.<\/p>\n<p style=\"font-weight: 400;\">Os interessados podem entrar em contato com os consultores da Academia CDL, pelo (67) 99870-0260.<\/p>\n","protected":false},"excerpt":{"rendered":"<p>A CDL CG \u2013 C\u00e2mara de Dirigentes Lojistas de Campo Grande lan\u00e7a nesta ter\u00e7a-feira (31), no Cin\u00e9polis do Shopping Norte Sul, o PEV \u2013 Programa de Especializa\u00e7\u00e3o do Varejo. O PEV \u00e9 fundamentado em quatro pilares. \u201cTrabalharemos Gest\u00e3o de Pessoas; Marketing; Financeiro; Comercial e Vendas. Al\u00e9m disso, temos a proposta de trabalhar o perfil comportamental [&hellip;]<\/p>\n","protected":false},"author":2,"featured_media":163171,"comment_status":"open","ping_status":"open","sticky":false,"template":"","format":"standard","meta":{"_monsterinsights_skip_tracking":false,"_monsterinsights_sitenote_active":false,"_monsterinsights_sitenote_note":"","_monsterinsights_sitenote_category":0},"categories":[4328,15],"tags":[],"aioseo_notices":[],"_links":{"self":[{"href":"http:\/\/mspontocom.com.br\/site\/wp-json\/wp\/v2\/posts\/163170"}],"collection":[{"href":"http:\/\/mspontocom.com.br\/site\/wp-json\/wp\/v2\/posts"}],"about":[{"href":"http:\/\/mspontocom.com.br\/site\/wp-json\/wp\/v2\/types\/post"}],"author":[{"embeddable":true,"href":"http:\/\/mspontocom.com.br\/site\/wp-json\/wp\/v2\/users\/2"}],"replies":[{"embeddable":true,"href":"http:\/\/mspontocom.com.br\/site\/wp-json\/wp\/v2\/comments?post=163170"}],"version-history":[{"count":1,"href":"http:\/\/mspontocom.com.br\/site\/wp-json\/wp\/v2\/posts\/163170\/revisions"}],"predecessor-version":[{"id":163172,"href":"http:\/\/mspontocom.com.br\/site\/wp-json\/wp\/v2\/posts\/163170\/revisions\/163172"}],"wp:featuredmedia":[{"embeddable":true,"href":"http:\/\/mspontocom.com.br\/site\/wp-json\/wp\/v2\/media\/163171"}],"wp:attachment":[{"href":"http:\/\/mspontocom.com.br\/site\/wp-json\/wp\/v2\/media?parent=163170"}],"wp:term":[{"taxonomy":"category","embeddable":true,"href":"http:\/\/mspontocom.com.br\/site\/wp-json\/wp\/v2\/categories?post=163170"},{"taxonomy":"post_tag","embeddable":true,"href":"http:\/\/mspontocom.com.br\/site\/wp-json\/wp\/v2\/tags?post=163170"}],"curies":[{"name":"wp","href":"https:\/\/api.w.org\/{rel}","templated":true}]}}