{"id":163187,"date":"2021-08-31T13:02:21","date_gmt":"2021-08-31T17:02:21","guid":{"rendered":"https:\/\/mspontocom.com.br\/site\/?p=163187"},"modified":"2021-08-31T13:02:21","modified_gmt":"2021-08-31T17:02:21","slug":"abertas-as-inscricoes-para-o-lancamento-do-9o-congresso-brasileiro-de-inovacao-da-industria","status":"publish","type":"post","link":"http:\/\/mspontocom.com.br\/site\/abertas-as-inscricoes-para-o-lancamento-do-9o-congresso-brasileiro-de-inovacao-da-industria\/","title":{"rendered":"Abertas as inscri\u00e7\u00f5es para o lan\u00e7amento do 9\u00ba Congresso Brasileiro de Inova\u00e7\u00e3o da Ind\u00fastria"},"content":{"rendered":"<p style=\"text-align: justify;\"><img loading=\"lazy\" class=\"alignnone size-full wp-image-163188\" src=\"https:\/\/mspontocom.com.br\/site\/wp-content\/uploads\/2021\/08\/site-abertas-as-inscricoes-para-o-lancamento-do-9o-congresso-brasileiro-de-inovacao-da-industria-congress.jpeg\" alt=\"\" width=\"630\" height=\"462\" srcset=\"http:\/\/mspontocom.com.br\/site\/wp-content\/uploads\/2021\/08\/site-abertas-as-inscricoes-para-o-lancamento-do-9o-congresso-brasileiro-de-inovacao-da-industria-congress.jpeg 630w, http:\/\/mspontocom.com.br\/site\/wp-content\/uploads\/2021\/08\/site-abertas-as-inscricoes-para-o-lancamento-do-9o-congresso-brasileiro-de-inovacao-da-industria-congress-260x191.jpeg 260w\" sizes=\"(max-width: 630px) 100vw, 630px\" \/>A\u00a0<a href=\"https:\/\/gateway.pr.comunique-se.com.br\/api\/Campaign\/AddCampaignEmailClick\/8c4bda59-dc19-4ae4-f519-08d95da514fd\/http%253a%252f%252fwww.portaldaindustria.com.br%252fcni%252fcanais%252fmei%252fprogramas-mei%252fnagi-digital%252f).\/3a62c3e8-195a-4a2c-fc4a-08d7c5ff26d1\/mspontocom@gmail.com\/True\" target=\"_blank\" rel=\"noopener noreferrer\" data-saferedirecturl=\"https:\/\/www.google.com\/url?q=https:\/\/gateway.pr.comunique-se.com.br\/api\/Campaign\/AddCampaignEmailClick\/8c4bda59-dc19-4ae4-f519-08d95da514fd\/http%25253a%25252f%25252fwww.portaldaindustria.com.br%25252fcni%25252fcanais%25252fmei%25252fprogramas-mei%25252fnagi-digital%25252f).\/3a62c3e8-195a-4a2c-fc4a-08d7c5ff26d1\/mspontocom@gmail.com\/True&amp;source=gmail&amp;ust=1630500912449000&amp;usg=AFQjCNEayQ0jFbBZOQmkH6Tk03wTHyvaqw\">Confedera\u00e7\u00e3o Nacional da Ind\u00fastria (CNI)<\/a>\u00a0e o Servi\u00e7o Brasileiro de Apoio \u00e0s Micro e Pequenas Empresas (<a href=\"https:\/\/gateway.pr.comunique-se.com.br\/api\/Campaign\/AddCampaignEmailClick\/8c4bda59-dc19-4ae4-f519-08d95da514fd\/https%253a%252f%252fwww.sebrae.com.br%252fsites%252fPortalSebrae\/3a62c3e8-195a-4a2c-fc4a-08d7c5ff26d1\/mspontocom@gmail.com\/True\" target=\"_blank\" rel=\"noopener noreferrer\" data-saferedirecturl=\"https:\/\/www.google.com\/url?q=https:\/\/gateway.pr.comunique-se.com.br\/api\/Campaign\/AddCampaignEmailClick\/8c4bda59-dc19-4ae4-f519-08d95da514fd\/https%25253a%25252f%25252fwww.sebrae.com.br%25252fsites%25252fPortalSebrae\/3a62c3e8-195a-4a2c-fc4a-08d7c5ff26d1\/mspontocom@gmail.com\/True&amp;source=gmail&amp;ust=1630500912449000&amp;usg=AFQjCNHnbifPMAWdlnrCaW4xN5HbYAYeFw\">Sebrae<\/a>) marcaram para 20 de outubro o lan\u00e7amento do 9\u00ba Congresso Brasileiro de Inova\u00e7\u00e3o da Ind\u00fastria.<\/p>\n<p style=\"text-align: justify;\">A grande atra\u00e7\u00e3o ser\u00e1 o norte-americano Steve Wozniak, engenheiro eletr\u00f4nico e cofundador da Apple, que falar\u00e1 sobre o futuro da inova\u00e7\u00e3o.<\/p>\n<p style=\"text-align: justify;\">O evento antecipa um pouco das novidades do Congresso de Inova\u00e7\u00e3o, realizado a cada dois anos, em parceria, pela CNI e o Sebrae.<\/p>\n<p style=\"text-align: justify;\">O evento virtual de lan\u00e7amento, em 20 de outubro, ser\u00e1 uma pr\u00e9via do Congresso e reunir\u00e1 especialistas de cinco continentes.<\/p>\n<p style=\"text-align: justify;\"><strong>Steve Wozniak<\/strong><\/p>\n<p style=\"text-align: justify;\">Estrela do evento, o programador de computadores Steve Wozniak \u00e9 um \u00edcone no Vale do Sil\u00edcio e um dos principais nomes mundiais da inova\u00e7\u00e3o &#8211; foi pioneiro ao tornar computadores acess\u00edveis ao consumidor comum. Em sua palestra, que s\u00f3 poder\u00e1 ser acompanhada pelos inscritos para participar do Congresso, o cofundador da Apple partir\u00e1 da hist\u00f3ria da empresa para percorrer os caminhos da inova\u00e7\u00e3o desde ent\u00e3o e apontar tend\u00eancias futuras.<\/p>\n<p style=\"text-align: justify;\">O evento est\u00e1 com inscri\u00e7\u00f5es abertas gratuitamente pelo site\u00a0<a href=\"https:\/\/gateway.pr.comunique-se.com.br\/api\/Campaign\/AddCampaignEmailClick\/8c4bda59-dc19-4ae4-f519-08d95da514fd\/http%253a%252f%252fwww.congressodeinovacao.com.br%252f\/3a62c3e8-195a-4a2c-fc4a-08d7c5ff26d1\/mspontocom@gmail.com\/True\" target=\"_blank\" rel=\"noopener noreferrer\" data-saferedirecturl=\"https:\/\/www.google.com\/url?q=https:\/\/gateway.pr.comunique-se.com.br\/api\/Campaign\/AddCampaignEmailClick\/8c4bda59-dc19-4ae4-f519-08d95da514fd\/http%25253a%25252f%25252fwww.congressodeinovacao.com.br%25252f\/3a62c3e8-195a-4a2c-fc4a-08d7c5ff26d1\/mspontocom@gmail.com\/True&amp;source=gmail&amp;ust=1630500912449000&amp;usg=AFQjCNHcVaVjavu7qkxuxWwxoM4ET6UbXQ\">https:\/\/www.<wbr \/>congressodeinovacao.com.br<\/a>.<\/p>\n","protected":false},"excerpt":{"rendered":"<p>A\u00a0Confedera\u00e7\u00e3o Nacional da Ind\u00fastria (CNI)\u00a0e o Servi\u00e7o Brasileiro de Apoio \u00e0s Micro e Pequenas Empresas (Sebrae) marcaram para 20 de outubro o lan\u00e7amento do 9\u00ba Congresso Brasileiro de Inova\u00e7\u00e3o da Ind\u00fastria. A grande atra\u00e7\u00e3o ser\u00e1 o norte-americano Steve Wozniak, engenheiro eletr\u00f4nico e cofundador da Apple, que falar\u00e1 sobre o futuro da inova\u00e7\u00e3o. O evento antecipa [&hellip;]<\/p>\n","protected":false},"author":2,"featured_media":163188,"comment_status":"open","ping_status":"open","sticky":false,"template":"","format":"standard","meta":{"_monsterinsights_skip_tracking":false,"_monsterinsights_sitenote_active":false,"_monsterinsights_sitenote_note":"","_monsterinsights_sitenote_category":0},"categories":[15],"tags":[],"aioseo_notices":[],"_links":{"self":[{"href":"http:\/\/mspontocom.com.br\/site\/wp-json\/wp\/v2\/posts\/163187"}],"collection":[{"href":"http:\/\/mspontocom.com.br\/site\/wp-json\/wp\/v2\/posts"}],"about":[{"href":"http:\/\/mspontocom.com.br\/site\/wp-json\/wp\/v2\/types\/post"}],"author":[{"embeddable":true,"href":"http:\/\/mspontocom.com.br\/site\/wp-json\/wp\/v2\/users\/2"}],"replies":[{"embeddable":true,"href":"http:\/\/mspontocom.com.br\/site\/wp-json\/wp\/v2\/comments?post=163187"}],"version-history":[{"count":1,"href":"http:\/\/mspontocom.com.br\/site\/wp-json\/wp\/v2\/posts\/163187\/revisions"}],"predecessor-version":[{"id":163189,"href":"http:\/\/mspontocom.com.br\/site\/wp-json\/wp\/v2\/posts\/163187\/revisions\/163189"}],"wp:featuredmedia":[{"embeddable":true,"href":"http:\/\/mspontocom.com.br\/site\/wp-json\/wp\/v2\/media\/163188"}],"wp:attachment":[{"href":"http:\/\/mspontocom.com.br\/site\/wp-json\/wp\/v2\/media?parent=163187"}],"wp:term":[{"taxonomy":"category","embeddable":true,"href":"http:\/\/mspontocom.com.br\/site\/wp-json\/wp\/v2\/categories?post=163187"},{"taxonomy":"post_tag","embeddable":true,"href":"http:\/\/mspontocom.com.br\/site\/wp-json\/wp\/v2\/tags?post=163187"}],"curies":[{"name":"wp","href":"https:\/\/api.w.org\/{rel}","templated":true}]}}