{"id":163205,"date":"2021-09-01T13:06:57","date_gmt":"2021-09-01T17:06:57","guid":{"rendered":"https:\/\/mspontocom.com.br\/site\/?p=163205"},"modified":"2021-09-01T09:01:10","modified_gmt":"2021-09-01T13:01:10","slug":"microempreendedores-tem-ate-o-dia-30-de-setembro-para-regularizar-o-mei","status":"publish","type":"post","link":"http:\/\/mspontocom.com.br\/site\/microempreendedores-tem-ate-o-dia-30-de-setembro-para-regularizar-o-mei\/","title":{"rendered":"Microempreendedores t\u00eam at\u00e9 o dia 30 de setembro para regularizar o MEI"},"content":{"rendered":"<p style=\"text-align: justify;\"><img loading=\"lazy\" class=\"alignnone size-full wp-image-163233\" src=\"https:\/\/mspontocom.com.br\/site\/wp-content\/uploads\/2021\/09\/site-microempreendedores-tem-ate-o-dia-30-de-setembro-para-regularizar-o-mei-mei-1-1.jpg\" alt=\"\" width=\"520\" height=\"245\" srcset=\"http:\/\/mspontocom.com.br\/site\/wp-content\/uploads\/2021\/09\/site-microempreendedores-tem-ate-o-dia-30-de-setembro-para-regularizar-o-mei-mei-1-1.jpg 520w, http:\/\/mspontocom.com.br\/site\/wp-content\/uploads\/2021\/09\/site-microempreendedores-tem-ate-o-dia-30-de-setembro-para-regularizar-o-mei-mei-1-1-260x123.jpg 260w\" sizes=\"(max-width: 520px) 100vw, 520px\" \/><\/p>\n<p style=\"text-align: justify;\">A Receita Federal prorrogou para o dia 30 de setembro, o per\u00edodo para regulariza\u00e7\u00e3o de microempreendedores individuais (MEI) com tributos e obriga\u00e7\u00f5es em atraso referentes a 2016 e a anos anteriores.<\/p>\n<p style=\"text-align: justify;\">Atualmente cerca de 1,8 milh\u00e3o de pessoas est\u00e3o com situa\u00e7\u00e3o pendente no sistema da Receita e caso n\u00e3o quitem os tributos e as obriga\u00e7\u00f5es em atraso, de 2016 para tr\u00e1s, os MEI ser\u00e3o inclu\u00eddos na D\u00edvida Ativa da Uni\u00e3o.<\/p>\n<p style=\"text-align: justify;\">\u00a0Os d\u00e9bitos sob cobran\u00e7a podem ser consultados no <strong><a href=\"https:\/\/www8.receita.fazenda.gov.br\/simplesnacional\/servicos\/grupo.aspx?grp=8\">Programa Gerador do DAS para o MEI<\/a><\/strong> e o documento de arrecada\u00e7\u00e3o pode ser gerado tanto pelo site quanto por meio do Aplicativo MEI, dispon\u00edvel para celulares Android ou iOS.<\/p>\n<p style=\"text-align: justify;\">\u00a0Quem passar para a d\u00edvida ativa pode ter preju\u00edzos como ser exclu\u00eddo do regime de tributa\u00e7\u00e3o do Simples Nacional, com al\u00edquotas mais baixas de imposto e pode enfrentar dificuldades para conseguir financiamentos e empr\u00e9stimos. A inclus\u00e3o no cadastro de d\u00edvida ativa tamb\u00e9m aumenta o valor do d\u00e9bito.<\/p>\n<p style=\"text-align: justify;\">Fonte: <a href=\"https:\/\/brasil61.com\/n\/microempreendedores-tem-ate-o-dia-30-de-setembro-para-regularizar-o-mei-bras216087\" target=\"_blank\" rel=\"noopener\">Brasil 61<\/a><\/p>\n","protected":false},"excerpt":{"rendered":"<p>A Receita Federal prorrogou para o dia 30 de setembro, o per\u00edodo para regulariza\u00e7\u00e3o de microempreendedores individuais (MEI) com tributos e obriga\u00e7\u00f5es em atraso referentes a 2016 e a anos anteriores. Atualmente cerca de 1,8 milh\u00e3o de pessoas est\u00e3o com situa\u00e7\u00e3o pendente no sistema da Receita e caso n\u00e3o quitem os tributos e as obriga\u00e7\u00f5es [&hellip;]<\/p>\n","protected":false},"author":2,"featured_media":163233,"comment_status":"open","ping_status":"open","sticky":false,"template":"","format":"standard","meta":{"_monsterinsights_skip_tracking":false,"_monsterinsights_sitenote_active":false,"_monsterinsights_sitenote_note":"","_monsterinsights_sitenote_category":0},"categories":[15],"tags":[],"aioseo_notices":[],"_links":{"self":[{"href":"http:\/\/mspontocom.com.br\/site\/wp-json\/wp\/v2\/posts\/163205"}],"collection":[{"href":"http:\/\/mspontocom.com.br\/site\/wp-json\/wp\/v2\/posts"}],"about":[{"href":"http:\/\/mspontocom.com.br\/site\/wp-json\/wp\/v2\/types\/post"}],"author":[{"embeddable":true,"href":"http:\/\/mspontocom.com.br\/site\/wp-json\/wp\/v2\/users\/2"}],"replies":[{"embeddable":true,"href":"http:\/\/mspontocom.com.br\/site\/wp-json\/wp\/v2\/comments?post=163205"}],"version-history":[{"count":2,"href":"http:\/\/mspontocom.com.br\/site\/wp-json\/wp\/v2\/posts\/163205\/revisions"}],"predecessor-version":[{"id":163234,"href":"http:\/\/mspontocom.com.br\/site\/wp-json\/wp\/v2\/posts\/163205\/revisions\/163234"}],"wp:featuredmedia":[{"embeddable":true,"href":"http:\/\/mspontocom.com.br\/site\/wp-json\/wp\/v2\/media\/163233"}],"wp:attachment":[{"href":"http:\/\/mspontocom.com.br\/site\/wp-json\/wp\/v2\/media?parent=163205"}],"wp:term":[{"taxonomy":"category","embeddable":true,"href":"http:\/\/mspontocom.com.br\/site\/wp-json\/wp\/v2\/categories?post=163205"},{"taxonomy":"post_tag","embeddable":true,"href":"http:\/\/mspontocom.com.br\/site\/wp-json\/wp\/v2\/tags?post=163205"}],"curies":[{"name":"wp","href":"https:\/\/api.w.org\/{rel}","templated":true}]}}