{"id":163226,"date":"2021-09-01T08:59:22","date_gmt":"2021-09-01T12:59:22","guid":{"rendered":"https:\/\/mspontocom.com.br\/site\/?p=163226"},"modified":"2021-09-01T08:46:02","modified_gmt":"2021-09-01T12:46:02","slug":"congresso-brasil-alemanha-de-inovacao-e-sustentabilidade-inscricoes-gratuitas","status":"publish","type":"post","link":"http:\/\/mspontocom.com.br\/site\/congresso-brasil-alemanha-de-inovacao-e-sustentabilidade-inscricoes-gratuitas\/","title":{"rendered":"Congresso Brasil-Alemanha de Inova\u00e7\u00e3o e Sustentabilidade. Inscri\u00e7\u00f5es gratuitas"},"content":{"rendered":"<p style=\"font-weight: 400; text-align: justify;\"><img loading=\"lazy\" class=\"alignnone size-full wp-image-163227\" src=\"https:\/\/mspontocom.com.br\/site\/wp-content\/uploads\/2021\/09\/site-congresso-brasil-alemanha-de-inovacao-e-sustentabilidade-inscricoes-gratuitas-ale.jpg\" alt=\"\" width=\"445\" height=\"311\" srcset=\"http:\/\/mspontocom.com.br\/site\/wp-content\/uploads\/2021\/09\/site-congresso-brasil-alemanha-de-inovacao-e-sustentabilidade-inscricoes-gratuitas-ale.jpg 445w, http:\/\/mspontocom.com.br\/site\/wp-content\/uploads\/2021\/09\/site-congresso-brasil-alemanha-de-inovacao-e-sustentabilidade-inscricoes-gratuitas-ale-260x182.jpg 260w\" sizes=\"(max-width: 445px) 100vw, 445px\" \/><\/p>\n<p style=\"font-weight: 400; text-align: justify;\">O maior evento de inova\u00e7\u00e3o entre Brasil e Alemanha, o\u00a0<strong>Congresso Brasil-Alemanha de Inova\u00e7\u00e3o<\/strong>\u00a0acolhe, a partir desse ano, tamb\u00e9m o tema de sustentabilidade, passando a se chamar\u00a0<strong>Congresso Brasil-Alemanha de Inova\u00e7\u00e3o e Sustentabilidade<\/strong>\u00a0(CBAIS).<\/p>\n<p style=\"font-weight: 400; text-align: justify;\">Nos dias 23 e 24 de setembro, o evento da C\u00e2mara Brasil-Alemanha de S\u00e3o Paulo (AHK S\u00e3o Paulo) reunir\u00e1 em uma plataforma digital um time de especialistas para discutir as principais tend\u00eancias que est\u00e3o transformando a sociedade e o ambiente empresarial.<\/p>\n<p style=\"font-weight: 400; text-align: justify;\">Al\u00e9m de palestras e pain\u00e9is, o evento oferece tamb\u00e9m oficinas m\u00e3o-na-massa e uma grande sess\u00e3o de\u00a0<em>matchmaking<\/em>\u00a0com startups que passaram pelo programa Startups Connected, programa de acelera\u00e7\u00e3o de projetos de inova\u00e7\u00e3o entre startups e grandes empresas alem\u00e3s promovido pela C\u00e2mara Brasil-Alemanha de S\u00e3o Paulo.<\/p>\n<p style=\"font-weight: 400; text-align: justify;\">Entre os destaques da\u00a0<a href=\"https:\/\/www.ahkbrasil.com\/iframes_site_ahk_typo3\/v2\/verEventoDetalhado.aspx?id=4591\" data-saferedirecturl=\"https:\/\/www.google.com\/url?q=https:\/\/www.ahkbrasil.com\/iframes_site_ahk_typo3\/v2\/verEventoDetalhado.aspx?id%3D4591&amp;source=gmail&amp;ust=1630580454762000&amp;usg=AFQjCNEt9xvtehv7edcLjRi9uiDIuLxKeQ\">programa\u00e7\u00e3o<\/a>\u00a0do primeiro dia est\u00e3o a palestra sobre Sociedade 5.0 que ser\u00e1 ministrada por\u00a0<strong>Gil Giardelli<\/strong>, Co-Founder da 5 ERA e professor na ESPM; e a participa\u00e7\u00e3o do\u00a0<strong>Prof. Stephan von Delft<\/strong>, da WWU M\u00fcnster, para falar sobre modelos de neg\u00f3cios inovadores e sustent\u00e1veis.<\/p>\n<p style=\"text-align: justify;\"><strong>Servi\u00e7o:<\/strong><u><\/u><u><\/u><\/p>\n<p style=\"text-align: justify;\">Congresso Brasil-Alemanha de Inova\u00e7\u00e3o e Sustentabilidade<u><\/u><u><\/u><\/p>\n<p style=\"text-align: justify;\">Data: 23 de setembro das9h \u00e0s 17h30 e 24 de setembro das 9h \u00e0s 16h<u><\/u><u><\/u><\/p>\n<p style=\"text-align: justify;\"><a href=\"https:\/\/www.ahkbrasil.com\/iframes_site_ahk_typo3\/v2\/verEventoDetalhado.aspx?id=4591\" target=\"_blank\" rel=\"noopener\" data-saferedirecturl=\"https:\/\/www.google.com\/url?q=https:\/\/www.ahkbrasil.com\/iframes_site_ahk_typo3\/v2\/verEventoDetalhado.aspx?id%3D4591&amp;source=gmail&amp;ust=1630580454763000&amp;usg=AFQjCNFE-acYJRDZ7hioUar-65e4aEb3rA\">Inscri\u00e7\u00f5es e mais informa\u00e7\u00f5es<\/a><\/p>\n","protected":false},"excerpt":{"rendered":"<p>O maior evento de inova\u00e7\u00e3o entre Brasil e Alemanha, o\u00a0Congresso Brasil-Alemanha de Inova\u00e7\u00e3o\u00a0acolhe, a partir desse ano, tamb\u00e9m o tema de sustentabilidade, passando a se chamar\u00a0Congresso Brasil-Alemanha de Inova\u00e7\u00e3o e Sustentabilidade\u00a0(CBAIS). Nos dias 23 e 24 de setembro, o evento da C\u00e2mara Brasil-Alemanha de S\u00e3o Paulo (AHK S\u00e3o Paulo) reunir\u00e1 em uma plataforma digital um [&hellip;]<\/p>\n","protected":false},"author":2,"featured_media":163227,"comment_status":"open","ping_status":"open","sticky":false,"template":"","format":"standard","meta":{"_monsterinsights_skip_tracking":false,"_monsterinsights_sitenote_active":false,"_monsterinsights_sitenote_note":"","_monsterinsights_sitenote_category":0},"categories":[15],"tags":[],"aioseo_notices":[],"_links":{"self":[{"href":"http:\/\/mspontocom.com.br\/site\/wp-json\/wp\/v2\/posts\/163226"}],"collection":[{"href":"http:\/\/mspontocom.com.br\/site\/wp-json\/wp\/v2\/posts"}],"about":[{"href":"http:\/\/mspontocom.com.br\/site\/wp-json\/wp\/v2\/types\/post"}],"author":[{"embeddable":true,"href":"http:\/\/mspontocom.com.br\/site\/wp-json\/wp\/v2\/users\/2"}],"replies":[{"embeddable":true,"href":"http:\/\/mspontocom.com.br\/site\/wp-json\/wp\/v2\/comments?post=163226"}],"version-history":[{"count":1,"href":"http:\/\/mspontocom.com.br\/site\/wp-json\/wp\/v2\/posts\/163226\/revisions"}],"predecessor-version":[{"id":163228,"href":"http:\/\/mspontocom.com.br\/site\/wp-json\/wp\/v2\/posts\/163226\/revisions\/163228"}],"wp:featuredmedia":[{"embeddable":true,"href":"http:\/\/mspontocom.com.br\/site\/wp-json\/wp\/v2\/media\/163227"}],"wp:attachment":[{"href":"http:\/\/mspontocom.com.br\/site\/wp-json\/wp\/v2\/media?parent=163226"}],"wp:term":[{"taxonomy":"category","embeddable":true,"href":"http:\/\/mspontocom.com.br\/site\/wp-json\/wp\/v2\/categories?post=163226"},{"taxonomy":"post_tag","embeddable":true,"href":"http:\/\/mspontocom.com.br\/site\/wp-json\/wp\/v2\/tags?post=163226"}],"curies":[{"name":"wp","href":"https:\/\/api.w.org\/{rel}","templated":true}]}}