{"id":163502,"date":"2021-09-10T13:00:19","date_gmt":"2021-09-10T17:00:19","guid":{"rendered":"https:\/\/mspontocom.com.br\/site\/?p=163502"},"modified":"2021-09-10T09:40:55","modified_gmt":"2021-09-10T13:40:55","slug":"programa-de-reducao-voluntaria-do-consumo-de-energia-preve-incentivos-financeiros-a-industrias","status":"publish","type":"post","link":"http:\/\/mspontocom.com.br\/site\/programa-de-reducao-voluntaria-do-consumo-de-energia-preve-incentivos-financeiros-a-industrias\/","title":{"rendered":"Programa de redu\u00e7\u00e3o volunt\u00e1ria do consumo de energia prev\u00ea incentivos financeiros a ind\u00fastrias"},"content":{"rendered":"<p style=\"text-align: justify;\"><img loading=\"lazy\" class=\"alignnone size-full wp-image-163509\" src=\"https:\/\/mspontocom.com.br\/site\/wp-content\/uploads\/2021\/09\/site-programa-de-reducao-voluntaria-do-consumo-de-energia-preve-incentivos-financeiros-a-industrias-ener.jpg\" alt=\"\" width=\"312\" height=\"161\" srcset=\"http:\/\/mspontocom.com.br\/site\/wp-content\/uploads\/2021\/09\/site-programa-de-reducao-voluntaria-do-consumo-de-energia-preve-incentivos-financeiros-a-industrias-ener.jpg 312w, http:\/\/mspontocom.com.br\/site\/wp-content\/uploads\/2021\/09\/site-programa-de-reducao-voluntaria-do-consumo-de-energia-preve-incentivos-financeiros-a-industrias-ener-260x134.jpg 260w\" sizes=\"(max-width: 312px) 100vw, 312px\" \/><\/p>\n<p style=\"text-align: justify;\">O Minist\u00e9rio de Minas e Energia (MME) definiu regras para o in\u00edcio de um programa volunt\u00e1rio de deslocamento do consumo de energia el\u00e9trica.<\/p>\n<p style=\"text-align: justify;\">A iniciativa visa tentar reduzir o risco de apag\u00f5es no fim do ano.<\/p>\n<p style=\"text-align: justify;\">O programa, voltado para a grandes consumidores, prev\u00ea o pagamento de compensa\u00e7\u00e3o financeira a empresas que se disponham a reduzir o consumo por per\u00edodos de quatro e sete horas por dia. O valor das compensa\u00e7\u00f5es ainda n\u00e3o foi definido.<\/p>\n<p style=\"text-align: justify;\">Em pronunciamento, o ministro de minas e energia, Bento Albuquerque, definiu como um esfor\u00e7o inadi\u00e1vel de redu\u00e7\u00e3o do consumo em todas as esferas, sobretudo a ind\u00fastria. \u201cIncentivamos os grandes consumidores a contribuir com a redu\u00e7\u00e3o volunt\u00e1ria do consumo nas horas de conta do sistema, reduzindo a necessidade de uso de recursos mais caros\u201d, disse.<\/p>\n<h2 style=\"text-align: justify;\">Resid\u00eancias e pequenos neg\u00f3cios<\/h2>\n<p style=\"text-align: justify;\">O governo j\u00e1 anunciou um plano de descontos na conta para os consumidores residenciais e pequenas empresas que se dispuserem, voluntariamente, a economizar energia.<\/p>\n<p style=\"text-align: justify;\">\n<p style=\"text-align: justify;\">Fonte: <a href=\"https:\/\/brasil61.com\/n\/programa-de-reducao-voluntaria-do-consumo-de-energia-preve-incentivos-financeiros-a-industrias-mine210115\" target=\"_blank\" rel=\"noopener\">Brasil 61<\/a><\/p>\n","protected":false},"excerpt":{"rendered":"<p>O Minist\u00e9rio de Minas e Energia (MME) definiu regras para o in\u00edcio de um programa volunt\u00e1rio de deslocamento do consumo de energia el\u00e9trica. A iniciativa visa tentar reduzir o risco de apag\u00f5es no fim do ano. O programa, voltado para a grandes consumidores, prev\u00ea o pagamento de compensa\u00e7\u00e3o financeira a empresas que se disponham a [&hellip;]<\/p>\n","protected":false},"author":2,"featured_media":163509,"comment_status":"open","ping_status":"open","sticky":false,"template":"","format":"standard","meta":{"_monsterinsights_skip_tracking":false,"_monsterinsights_sitenote_active":false,"_monsterinsights_sitenote_note":"","_monsterinsights_sitenote_category":0},"categories":[15],"tags":[],"aioseo_notices":[],"_links":{"self":[{"href":"http:\/\/mspontocom.com.br\/site\/wp-json\/wp\/v2\/posts\/163502"}],"collection":[{"href":"http:\/\/mspontocom.com.br\/site\/wp-json\/wp\/v2\/posts"}],"about":[{"href":"http:\/\/mspontocom.com.br\/site\/wp-json\/wp\/v2\/types\/post"}],"author":[{"embeddable":true,"href":"http:\/\/mspontocom.com.br\/site\/wp-json\/wp\/v2\/users\/2"}],"replies":[{"embeddable":true,"href":"http:\/\/mspontocom.com.br\/site\/wp-json\/wp\/v2\/comments?post=163502"}],"version-history":[{"count":2,"href":"http:\/\/mspontocom.com.br\/site\/wp-json\/wp\/v2\/posts\/163502\/revisions"}],"predecessor-version":[{"id":163510,"href":"http:\/\/mspontocom.com.br\/site\/wp-json\/wp\/v2\/posts\/163502\/revisions\/163510"}],"wp:featuredmedia":[{"embeddable":true,"href":"http:\/\/mspontocom.com.br\/site\/wp-json\/wp\/v2\/media\/163509"}],"wp:attachment":[{"href":"http:\/\/mspontocom.com.br\/site\/wp-json\/wp\/v2\/media?parent=163502"}],"wp:term":[{"taxonomy":"category","embeddable":true,"href":"http:\/\/mspontocom.com.br\/site\/wp-json\/wp\/v2\/categories?post=163502"},{"taxonomy":"post_tag","embeddable":true,"href":"http:\/\/mspontocom.com.br\/site\/wp-json\/wp\/v2\/tags?post=163502"}],"curies":[{"name":"wp","href":"https:\/\/api.w.org\/{rel}","templated":true}]}}