{"id":163617,"date":"2021-09-14T08:26:32","date_gmt":"2021-09-14T12:26:32","guid":{"rendered":"https:\/\/mspontocom.com.br\/site\/?p=163617"},"modified":"2021-09-14T08:32:38","modified_gmt":"2021-09-14T12:32:38","slug":"caixa-vai-reduzir-taxa-de-juros-da-casa-propria-diz-presidente","status":"publish","type":"post","link":"http:\/\/mspontocom.com.br\/site\/caixa-vai-reduzir-taxa-de-juros-da-casa-propria-diz-presidente\/","title":{"rendered":"Caixa vai reduzir taxa de juros da casa pr\u00f3pria, diz presidente"},"content":{"rendered":"<p style=\"text-align: justify;\"><img loading=\"lazy\" class=\"alignnone size-full wp-image-163618\" src=\"https:\/\/mspontocom.com.br\/site\/wp-content\/uploads\/2021\/09\/site-caixa-vai-reduzir-taxa-de-juros-da-casa-propria-diz-guimaraes-casa.jpg\" alt=\"\" width=\"525\" height=\"290\" srcset=\"http:\/\/mspontocom.com.br\/site\/wp-content\/uploads\/2021\/09\/site-caixa-vai-reduzir-taxa-de-juros-da-casa-propria-diz-guimaraes-casa.jpg 525w, http:\/\/mspontocom.com.br\/site\/wp-content\/uploads\/2021\/09\/site-caixa-vai-reduzir-taxa-de-juros-da-casa-propria-diz-guimaraes-casa-260x144.jpg 260w\" sizes=\"(max-width: 525px) 100vw, 525px\" \/><\/p>\n<p style=\"text-align: justify;\">O presidente da Caixa Econ\u00f4mica Federal, Pedro Guimar\u00e3es, disse que o banco reduzir\u00e1 a taxa de juros na aquisi\u00e7\u00e3o da casa pr\u00f3pria.<\/p>\n<p style=\"text-align: justify;\">Os detalhes, segundo ele, ser\u00e3o divulgados na 5\u00aa\u00a0 feira, 16 de setembro.<\/p>\n<p style=\"text-align: justify;\">\u201cN\u00e3o est\u00e1 aumentando a Selic? Ent\u00e3o, a Caixa Econ\u00f4mica Federal, com um lucro que nunca teve, sem roubar, vai diminuir os juros da casa pr\u00f3pria. Mas isso fica para quinta-feira\u201d, afirmou durante o lan\u00e7amento do programa Habite Seguro, que destinar\u00e1 R$ 100 milh\u00f5es para financiamentos imobili\u00e1rios de policiais.<\/p>\n<p>O an\u00fancio da redu\u00e7\u00e3o de juros para o financiamento da Caixa vem na esteira da expectativa do aumento da Selic, hoje definida em 5,25% ao ano.<\/p>\n<p>&nbsp;<\/p>\n<p>fonte: Poder 360<\/p>\n","protected":false},"excerpt":{"rendered":"<p>O presidente da Caixa Econ\u00f4mica Federal, Pedro Guimar\u00e3es, disse que o banco reduzir\u00e1 a taxa de juros na aquisi\u00e7\u00e3o da casa pr\u00f3pria. Os detalhes, segundo ele, ser\u00e3o divulgados na 5\u00aa\u00a0 feira, 16 de setembro. \u201cN\u00e3o est\u00e1 aumentando a Selic? Ent\u00e3o, a Caixa Econ\u00f4mica Federal, com um lucro que nunca teve, sem roubar, vai diminuir os [&hellip;]<\/p>\n","protected":false},"author":2,"featured_media":163618,"comment_status":"open","ping_status":"open","sticky":false,"template":"","format":"standard","meta":{"_monsterinsights_skip_tracking":false,"_monsterinsights_sitenote_active":false,"_monsterinsights_sitenote_note":"","_monsterinsights_sitenote_category":0},"categories":[15],"tags":[],"aioseo_notices":[],"_links":{"self":[{"href":"http:\/\/mspontocom.com.br\/site\/wp-json\/wp\/v2\/posts\/163617"}],"collection":[{"href":"http:\/\/mspontocom.com.br\/site\/wp-json\/wp\/v2\/posts"}],"about":[{"href":"http:\/\/mspontocom.com.br\/site\/wp-json\/wp\/v2\/types\/post"}],"author":[{"embeddable":true,"href":"http:\/\/mspontocom.com.br\/site\/wp-json\/wp\/v2\/users\/2"}],"replies":[{"embeddable":true,"href":"http:\/\/mspontocom.com.br\/site\/wp-json\/wp\/v2\/comments?post=163617"}],"version-history":[{"count":2,"href":"http:\/\/mspontocom.com.br\/site\/wp-json\/wp\/v2\/posts\/163617\/revisions"}],"predecessor-version":[{"id":163640,"href":"http:\/\/mspontocom.com.br\/site\/wp-json\/wp\/v2\/posts\/163617\/revisions\/163640"}],"wp:featuredmedia":[{"embeddable":true,"href":"http:\/\/mspontocom.com.br\/site\/wp-json\/wp\/v2\/media\/163618"}],"wp:attachment":[{"href":"http:\/\/mspontocom.com.br\/site\/wp-json\/wp\/v2\/media?parent=163617"}],"wp:term":[{"taxonomy":"category","embeddable":true,"href":"http:\/\/mspontocom.com.br\/site\/wp-json\/wp\/v2\/categories?post=163617"},{"taxonomy":"post_tag","embeddable":true,"href":"http:\/\/mspontocom.com.br\/site\/wp-json\/wp\/v2\/tags?post=163617"}],"curies":[{"name":"wp","href":"https:\/\/api.w.org\/{rel}","templated":true}]}}