{"id":163835,"date":"2021-09-21T13:02:11","date_gmt":"2021-09-21T17:02:11","guid":{"rendered":"https:\/\/mspontocom.com.br\/site\/?p=163835"},"modified":"2021-09-21T13:02:11","modified_gmt":"2021-09-21T17:02:11","slug":"cni-live-sobre-desenvolvimento-sustentavel-e-sondagem-industrial-inscricoes-abertas","status":"publish","type":"post","link":"http:\/\/mspontocom.com.br\/site\/cni-live-sobre-desenvolvimento-sustentavel-e-sondagem-industrial-inscricoes-abertas\/","title":{"rendered":"CNI: Live sobre desenvolvimento sustent\u00e1vel e Sondagem Industrial. Inscri\u00e7\u00f5es abertas"},"content":{"rendered":"<p style=\"text-align: justify;\"><img loading=\"lazy\" class=\"alignnone size-full wp-image-163836\" src=\"https:\/\/mspontocom.com.br\/site\/wp-content\/uploads\/2021\/09\/site-cni-live-sobre-desenvolvimento-sustentavel-e-sondagem-industrial-inscricoes-abertas-cni1.jpg\" alt=\"\" width=\"400\" height=\"225\" srcset=\"http:\/\/mspontocom.com.br\/site\/wp-content\/uploads\/2021\/09\/site-cni-live-sobre-desenvolvimento-sustentavel-e-sondagem-industrial-inscricoes-abertas-cni1.jpg 400w, http:\/\/mspontocom.com.br\/site\/wp-content\/uploads\/2021\/09\/site-cni-live-sobre-desenvolvimento-sustentavel-e-sondagem-industrial-inscricoes-abertas-cni1-260x146.jpg 260w\" sizes=\"(max-width: 400px) 100vw, 400px\" \/><\/p>\n<p style=\"text-align: justify;\">A\u00a0<a href=\"https:\/\/gateway.pr.comunique-se.com.br\/api\/Campaign\/AddCampaignEmailClick\/357f7ae3-9364-4fe2-dd6a-08d97703013a\/http%253a%252f%252fwww.portaldaindustria.com.br%252fcni%252f\/3a62c3e8-195a-4a2c-fc4a-08d7c5ff26d1\/mspontocom@gmail.com\/True\" target=\"_blank\" rel=\"noopener noreferrer\" data-saferedirecturl=\"https:\/\/www.google.com\/url?q=https:\/\/gateway.pr.comunique-se.com.br\/api\/Campaign\/AddCampaignEmailClick\/357f7ae3-9364-4fe2-dd6a-08d97703013a\/http%25253a%25252f%25252fwww.portaldaindustria.com.br%25252fcni%25252f\/3a62c3e8-195a-4a2c-fc4a-08d7c5ff26d1\/mspontocom@gmail.com\/True&amp;source=gmail&amp;ust=1632329412895000&amp;usg=AFQjCNEUXTfrlGQI6DDKSKcjNm7V0hlE3A\">Confedera\u00e7\u00e3o Nacional da Ind\u00fastria (CNI)<\/a>\u00a0realiza, na quarta-feira (22) das 10h \u00e0s 12h, o semin\u00e1rio\u00a0<em>Meio Ambiente, Desenvolvimento Sustent\u00e1vel e Negocia\u00e7\u00f5es Internacionais<\/em>.<\/p>\n<p style=\"text-align: justify;\">O evento online ocorre em parceria com o jornal\u00a0<em>Folha de S. Paulo<\/em>\u00a0para debater como o cen\u00e1rio dom\u00e9stico afeta a imagem do Brasil no exterior e a negocia\u00e7\u00e3o de acordos comerciais, al\u00e9m do papel da ind\u00fastria nesse cen\u00e1rio.<\/p>\n<p style=\"text-align: justify;\">Tamb\u00e9m est\u00e3o confirmados a presidente da Comiss\u00e3o de Rela\u00e7\u00f5es Exteriores do Senado, K\u00e1tia Abreu (Progressistas-TO); o presidente da Comiss\u00e3o de Rela\u00e7\u00f5es Exteriores da C\u00e2mara dos Deputados, A\u00e9cio Neves (PSDB-MG); e o presidente da Federa\u00e7\u00e3o das Ind\u00fastrias do Estado de Rond\u00f4nia (FIERO) e diretor-executivo do Instituto Amaz\u00f4nia +21, Marcelo Thom\u00e9.<\/p>\n<p style=\"text-align: justify;\">A live ser\u00e1 transmitida pelo canal da\u00a0<a href=\"https:\/\/gateway.pr.comunique-se.com.br\/api\/Campaign\/AddCampaignEmailClick\/357f7ae3-9364-4fe2-dd6a-08d97703013a\/https%253a%252f%252fwww.youtube.com%252fc%252fcniweb%252ffeatured\/3a62c3e8-195a-4a2c-fc4a-08d7c5ff26d1\/mspontocom@gmail.com\/True\" target=\"_blank\" rel=\"noopener noreferrer\" data-saferedirecturl=\"https:\/\/www.google.com\/url?q=https:\/\/gateway.pr.comunique-se.com.br\/api\/Campaign\/AddCampaignEmailClick\/357f7ae3-9364-4fe2-dd6a-08d97703013a\/https%25253a%25252f%25252fwww.youtube.com%25252fc%25252fcniweb%25252ffeatured\/3a62c3e8-195a-4a2c-fc4a-08d7c5ff26d1\/mspontocom@gmail.com\/True&amp;source=gmail&amp;ust=1632329412895000&amp;usg=AFQjCNFCZIpeLTyd6-RoPwronOjn1xK7hg\">CNI no YouTube<\/a>.<\/p>\n<p style=\"text-align: justify;\">O p\u00fablico poder\u00e1 enviar perguntas e coment\u00e1rios pelo WhatsApp, no n\u00famero (11) 9 9648-3478.<\/p>\n","protected":false},"excerpt":{"rendered":"<p>A\u00a0Confedera\u00e7\u00e3o Nacional da Ind\u00fastria (CNI)\u00a0realiza, na quarta-feira (22) das 10h \u00e0s 12h, o semin\u00e1rio\u00a0Meio Ambiente, Desenvolvimento Sustent\u00e1vel e Negocia\u00e7\u00f5es Internacionais. O evento online ocorre em parceria com o jornal\u00a0Folha de S. Paulo\u00a0para debater como o cen\u00e1rio dom\u00e9stico afeta a imagem do Brasil no exterior e a negocia\u00e7\u00e3o de acordos comerciais, al\u00e9m do papel da ind\u00fastria [&hellip;]<\/p>\n","protected":false},"author":2,"featured_media":163836,"comment_status":"open","ping_status":"open","sticky":false,"template":"","format":"standard","meta":{"_monsterinsights_skip_tracking":false,"_monsterinsights_sitenote_active":false,"_monsterinsights_sitenote_note":"","_monsterinsights_sitenote_category":0},"categories":[15],"tags":[],"aioseo_notices":[],"_links":{"self":[{"href":"http:\/\/mspontocom.com.br\/site\/wp-json\/wp\/v2\/posts\/163835"}],"collection":[{"href":"http:\/\/mspontocom.com.br\/site\/wp-json\/wp\/v2\/posts"}],"about":[{"href":"http:\/\/mspontocom.com.br\/site\/wp-json\/wp\/v2\/types\/post"}],"author":[{"embeddable":true,"href":"http:\/\/mspontocom.com.br\/site\/wp-json\/wp\/v2\/users\/2"}],"replies":[{"embeddable":true,"href":"http:\/\/mspontocom.com.br\/site\/wp-json\/wp\/v2\/comments?post=163835"}],"version-history":[{"count":1,"href":"http:\/\/mspontocom.com.br\/site\/wp-json\/wp\/v2\/posts\/163835\/revisions"}],"predecessor-version":[{"id":163837,"href":"http:\/\/mspontocom.com.br\/site\/wp-json\/wp\/v2\/posts\/163835\/revisions\/163837"}],"wp:featuredmedia":[{"embeddable":true,"href":"http:\/\/mspontocom.com.br\/site\/wp-json\/wp\/v2\/media\/163836"}],"wp:attachment":[{"href":"http:\/\/mspontocom.com.br\/site\/wp-json\/wp\/v2\/media?parent=163835"}],"wp:term":[{"taxonomy":"category","embeddable":true,"href":"http:\/\/mspontocom.com.br\/site\/wp-json\/wp\/v2\/categories?post=163835"},{"taxonomy":"post_tag","embeddable":true,"href":"http:\/\/mspontocom.com.br\/site\/wp-json\/wp\/v2\/tags?post=163835"}],"curies":[{"name":"wp","href":"https:\/\/api.w.org\/{rel}","templated":true}]}}