{"id":163865,"date":"2021-09-27T08:05:07","date_gmt":"2021-09-27T12:05:07","guid":{"rendered":"https:\/\/mspontocom.com.br\/site\/?p=163865"},"modified":"2021-09-27T08:05:51","modified_gmt":"2021-09-27T12:05:51","slug":"icc-promove-encontro-online-gratuito-com-a-presenca-de-paulo-guedes-inscricoes-abertas","status":"publish","type":"post","link":"http:\/\/mspontocom.com.br\/site\/icc-promove-encontro-online-gratuito-com-a-presenca-de-paulo-guedes-inscricoes-abertas\/","title":{"rendered":"Encontro online gratuito com presen\u00e7a de Paulo Guedes acontece hoje"},"content":{"rendered":"<p style=\"text-align: justify;\"><img loading=\"lazy\" class=\"alignnone size-full wp-image-164017\" src=\"https:\/\/mspontocom.com.br\/site\/wp-content\/uploads\/2021\/09\/site-icc-promove-encontro-online-gratuito-com-a-presenca-de-paulo-guedes-inscricoes-abertas-paulo1-e1632744282452.jpg\" alt=\"\" width=\"661\" height=\"426\" srcset=\"http:\/\/mspontocom.com.br\/site\/wp-content\/uploads\/2021\/09\/site-icc-promove-encontro-online-gratuito-com-a-presenca-de-paulo-guedes-inscricoes-abertas-paulo1-e1632744282452.jpg 661w, http:\/\/mspontocom.com.br\/site\/wp-content\/uploads\/2021\/09\/site-icc-promove-encontro-online-gratuito-com-a-presenca-de-paulo-guedes-inscricoes-abertas-paulo1-e1632744282452-260x168.jpg 260w\" sizes=\"(max-width: 661px) 100vw, 661px\" \/><\/p>\n<p style=\"text-align: justify;\">A ICC Brasil (International Chamber of Commerce), cap\u00edtulo nacional da maior organiza\u00e7\u00e3o empresarial do mundo, ir\u00e1 promover a\u00a0<strong>4\u00ba Encontro\u00a0<\/strong><a href=\"https:\/\/gateway.pr.comunique-se.com.br\/api\/Campaign\/AddCampaignEmailClick\/5d0ae2a6-ea73-4368-6690-08d976ffde20\/https%253a%252f%252fwww.obrasilquermais.com.br%252f\/3a62c3e8-195a-4a2c-fc4a-08d7c5ff26d1\/mspontocom@gmail.com\/True\" target=\"_blank\" rel=\"noopener noreferrer\" data-saferedirecturl=\"https:\/\/www.google.com\/url?q=https:\/\/gateway.pr.comunique-se.com.br\/api\/Campaign\/AddCampaignEmailClick\/5d0ae2a6-ea73-4368-6690-08d976ffde20\/https%25253a%25252f%25252fwww.obrasilquermais.com.br%25252f\/3a62c3e8-195a-4a2c-fc4a-08d7c5ff26d1\/mspontocom@gmail.com\/True&amp;source=gmail&amp;ust=1632390762212000&amp;usg=AFQjCNGjms65Cf5IqvsCzu_di613zIn_rA\"><strong>O Brasil Quer Mais \u2013 BR+<\/strong>.<\/a><\/p>\n<p style=\"text-align: justify;\">Reunindo figuras importantes da pol\u00edtica e do empresariado brasileiro e internacional, como o ministro da Economia\u00a0<strong>Paulo Guedes<\/strong>, o ex-presidente do BNDES,\u00a0<strong>Edmar Bacha<\/strong>, a diretora-executiva do International Trade Center,\u00a0<strong>Pamela Coke-Hamilton<\/strong>, o CEO da Embraer,\u00a0<strong>Francisco Gomes<\/strong>, e a CEO da Microsoft Brasil e conselheira da ICC,\u00a0<strong>T\u00e2nia Cosentino<\/strong>, o evento ir\u00e1 discutir a import\u00e2ncia da retomada econ\u00f4mica do Brasil no p\u00f3s-pandemia.<\/p>\n<p style=\"text-align: justify;\">O encontro deste ano, que acontecer\u00e1 de maneira virtual nos dias\u00a0<strong>27, 28 e 29<\/strong>\u00a0<strong>de setembro<\/strong>,\u00a0ainda contar\u00e1 com o lan\u00e7amento do\u00a0estudo da ICC Brasil sobre oportunidades para o Brasil em mercados de carbono, realizado em parceria com a WayCarbon, maior consultoria estrat\u00e9gica com foco exclusivo em sustentabilidade e mudan\u00e7a do clima na Am\u00e9rica Latina.<\/p>\n<p style=\"text-align: justify;\">O evento \u00e9 gratuito e as inscri\u00e7\u00f5es podem ser feitas pelo site\u00a0<a href=\"https:\/\/gateway.pr.comunique-se.com.br\/api\/Campaign\/AddCampaignEmailClick\/5d0ae2a6-ea73-4368-6690-08d976ffde20\/http%253a%252f%252fwww.obrasilquermais.com.br%252f\/3a62c3e8-195a-4a2c-fc4a-08d7c5ff26d1\/mspontocom@gmail.com\/True\" target=\"_blank\" rel=\"noopener noreferrer\" data-saferedirecturl=\"https:\/\/www.google.com\/url?q=https:\/\/gateway.pr.comunique-se.com.br\/api\/Campaign\/AddCampaignEmailClick\/5d0ae2a6-ea73-4368-6690-08d976ffde20\/http%25253a%25252f%25252fwww.obrasilquermais.com.br%25252f\/3a62c3e8-195a-4a2c-fc4a-08d7c5ff26d1\/mspontocom@gmail.com\/True&amp;source=gmail&amp;ust=1632390762212000&amp;usg=AFQjCNFCzmVDQTeyMEVLFDXMLXn0SBvHEA\">www.obrasilquermais.com.br<\/a>, onde tamb\u00e9m \u00e9 poss\u00edvel conferir a programa\u00e7\u00e3o completa.<\/p>\n<p style=\"text-align: justify;\"><strong>Acesso ao evento por data<\/strong>:<\/p>\n<p style=\"text-align: justify;\">1\u00ba DIA &#8211;\u00a0<strong>27 DE SETEMBRO<\/strong><\/p>\n<p style=\"text-align: justify;\">A partir das 8h50<\/p>\n<p style=\"text-align: justify;\"><strong>Assista\u00a0<\/strong><a href=\"https:\/\/gateway.pr.comunique-se.com.br\/api\/Campaign\/AddCampaignEmailClick\/5d0ae2a6-ea73-4368-6690-08d976ffde20\/https%253a%252f%252fwww.youtube.com%252fwatch%253fv%253dYDg7eoahtrA\/3a62c3e8-195a-4a2c-fc4a-08d7c5ff26d1\/mspontocom@gmail.com\/True\" target=\"_blank\" rel=\"noopener noreferrer\" data-saferedirecturl=\"https:\/\/www.google.com\/url?q=https:\/\/gateway.pr.comunique-se.com.br\/api\/Campaign\/AddCampaignEmailClick\/5d0ae2a6-ea73-4368-6690-08d976ffde20\/https%25253a%25252f%25252fwww.youtube.com%25252fwatch%25253fv%25253dYDg7eoahtrA\/3a62c3e8-195a-4a2c-fc4a-08d7c5ff26d1\/mspontocom@gmail.com\/True&amp;source=gmail&amp;ust=1632390762212000&amp;usg=AFQjCNH1Iic8rEG7V4US57M2EdVITd7YlQ\"><strong>AQUI<\/strong><\/a><\/p>\n<p style=\"text-align: justify;\">2\u00ba DIA &#8211;\u00a0<strong>28 DE\u00a0SETEMBRO<\/strong><\/p>\n<p style=\"text-align: justify;\">A partir das 9h30<\/p>\n<p style=\"text-align: justify;\"><strong>Assista\u00a0<\/strong><a href=\"https:\/\/gateway.pr.comunique-se.com.br\/api\/Campaign\/AddCampaignEmailClick\/5d0ae2a6-ea73-4368-6690-08d976ffde20\/https%253a%252f%252fwww.youtube.com%252fwatch%253fv%253dpVIOHPZPxWE\/3a62c3e8-195a-4a2c-fc4a-08d7c5ff26d1\/mspontocom@gmail.com\/True\" target=\"_blank\" rel=\"noopener noreferrer\" data-saferedirecturl=\"https:\/\/www.google.com\/url?q=https:\/\/gateway.pr.comunique-se.com.br\/api\/Campaign\/AddCampaignEmailClick\/5d0ae2a6-ea73-4368-6690-08d976ffde20\/https%25253a%25252f%25252fwww.youtube.com%25252fwatch%25253fv%25253dpVIOHPZPxWE\/3a62c3e8-195a-4a2c-fc4a-08d7c5ff26d1\/mspontocom@gmail.com\/True&amp;source=gmail&amp;ust=1632390762212000&amp;usg=AFQjCNGia9UuwtmE-GooPGJkixm9OQ5XFQ\"><strong>AQUI<\/strong><\/a><\/p>\n<p style=\"text-align: justify;\">3\u00ba DIA &#8211;\u00a0<strong>29 DE\u00a0SETEMBRO<\/strong><\/p>\n<p>A partir das 9h<\/p>\n<p><strong>Assista\u00a0<\/strong><a href=\"https:\/\/gateway.pr.comunique-se.com.br\/api\/Campaign\/AddCampaignEmailClick\/5d0ae2a6-ea73-4368-6690-08d976ffde20\/https%253a%252f%252fwww.youtube.com%252fwatch%253fv%253dVvbZ4DMp6_s\/3a62c3e8-195a-4a2c-fc4a-08d7c5ff26d1\/mspontocom@gmail.com\/True\" target=\"_blank\" rel=\"noopener noreferrer\" data-saferedirecturl=\"https:\/\/www.google.com\/url?q=https:\/\/gateway.pr.comunique-se.com.br\/api\/Campaign\/AddCampaignEmailClick\/5d0ae2a6-ea73-4368-6690-08d976ffde20\/https%25253a%25252f%25252fwww.youtube.com%25252fwatch%25253fv%25253dVvbZ4DMp6_s\/3a62c3e8-195a-4a2c-fc4a-08d7c5ff26d1\/mspontocom@gmail.com\/True&amp;source=gmail&amp;ust=1632390762212000&amp;usg=AFQjCNEzEe0EPguS9vMTHko8l3xQOJKNAw\"><strong>AQUI<\/strong><\/a><\/p>\n","protected":false},"excerpt":{"rendered":"<p>A ICC Brasil (International Chamber of Commerce), cap\u00edtulo nacional da maior organiza\u00e7\u00e3o empresarial do mundo, ir\u00e1 promover a\u00a04\u00ba Encontro\u00a0O Brasil Quer Mais \u2013 BR+. Reunindo figuras importantes da pol\u00edtica e do empresariado brasileiro e internacional, como o ministro da Economia\u00a0Paulo Guedes, o ex-presidente do BNDES,\u00a0Edmar Bacha, a diretora-executiva do International Trade Center,\u00a0Pamela Coke-Hamilton, o CEO [&hellip;]<\/p>\n","protected":false},"author":2,"featured_media":164017,"comment_status":"open","ping_status":"open","sticky":false,"template":"","format":"standard","meta":{"_monsterinsights_skip_tracking":false,"_monsterinsights_sitenote_active":false,"_monsterinsights_sitenote_note":"","_monsterinsights_sitenote_category":0},"categories":[15],"tags":[],"aioseo_notices":[],"_links":{"self":[{"href":"http:\/\/mspontocom.com.br\/site\/wp-json\/wp\/v2\/posts\/163865"}],"collection":[{"href":"http:\/\/mspontocom.com.br\/site\/wp-json\/wp\/v2\/posts"}],"about":[{"href":"http:\/\/mspontocom.com.br\/site\/wp-json\/wp\/v2\/types\/post"}],"author":[{"embeddable":true,"href":"http:\/\/mspontocom.com.br\/site\/wp-json\/wp\/v2\/users\/2"}],"replies":[{"embeddable":true,"href":"http:\/\/mspontocom.com.br\/site\/wp-json\/wp\/v2\/comments?post=163865"}],"version-history":[{"count":3,"href":"http:\/\/mspontocom.com.br\/site\/wp-json\/wp\/v2\/posts\/163865\/revisions"}],"predecessor-version":[{"id":164018,"href":"http:\/\/mspontocom.com.br\/site\/wp-json\/wp\/v2\/posts\/163865\/revisions\/164018"}],"wp:featuredmedia":[{"embeddable":true,"href":"http:\/\/mspontocom.com.br\/site\/wp-json\/wp\/v2\/media\/164017"}],"wp:attachment":[{"href":"http:\/\/mspontocom.com.br\/site\/wp-json\/wp\/v2\/media?parent=163865"}],"wp:term":[{"taxonomy":"category","embeddable":true,"href":"http:\/\/mspontocom.com.br\/site\/wp-json\/wp\/v2\/categories?post=163865"},{"taxonomy":"post_tag","embeddable":true,"href":"http:\/\/mspontocom.com.br\/site\/wp-json\/wp\/v2\/tags?post=163865"}],"curies":[{"name":"wp","href":"https:\/\/api.w.org\/{rel}","templated":true}]}}