{"id":163958,"date":"2021-09-24T13:15:24","date_gmt":"2021-09-24T17:15:24","guid":{"rendered":"https:\/\/mspontocom.com.br\/site\/?p=163958"},"modified":"2021-09-24T09:19:31","modified_gmt":"2021-09-24T13:19:31","slug":"ifms-abre-inscricoes-para-semana-de-ciencia-e-tecnologia-aberta-ao-publico","status":"publish","type":"post","link":"http:\/\/mspontocom.com.br\/site\/ifms-abre-inscricoes-para-semana-de-ciencia-e-tecnologia-aberta-ao-publico\/","title":{"rendered":"IFMS abre inscri\u00e7\u00f5es para Semana de Ci\u00eancia e Tecnologia. Aberta ao p\u00fablico"},"content":{"rendered":"<p style=\"text-align: justify;\"><img loading=\"lazy\" class=\"alignnone size-full wp-image-163959\" src=\"https:\/\/mspontocom.com.br\/site\/wp-content\/uploads\/2021\/09\/site-ifms-abre-inscricoes-para-semana-de-ciencia-e-tecnologia-ifms-fachada.jpg\" alt=\"\" width=\"940\" height=\"500\" srcset=\"http:\/\/mspontocom.com.br\/site\/wp-content\/uploads\/2021\/09\/site-ifms-abre-inscricoes-para-semana-de-ciencia-e-tecnologia-ifms-fachada.jpg 940w, http:\/\/mspontocom.com.br\/site\/wp-content\/uploads\/2021\/09\/site-ifms-abre-inscricoes-para-semana-de-ciencia-e-tecnologia-ifms-fachada-260x138.jpg 260w, http:\/\/mspontocom.com.br\/site\/wp-content\/uploads\/2021\/09\/site-ifms-abre-inscricoes-para-semana-de-ciencia-e-tecnologia-ifms-fachada-768x409.jpg 768w\" sizes=\"(max-width: 940px) 100vw, 940px\" \/>O Instituto Federal de Mato Grosso do Sul (IFMS) est\u00e1 com inscri\u00e7\u00f5es abertas para as atividades da edi\u00e7\u00e3o 2021 da Semana de Ci\u00eancia e Tecnologia (SCT), <strong>evento aberto ao p\u00fablico<\/strong> que ser\u00e1 realizado de forma virtual entre os dias 4 e 9 de outubro.<\/p>\n<p style=\"text-align: justify;\">Com o tema\u00a0\u201cA transversalidade da ci\u00eancia, tecnologia e inova\u00e7\u00e3o para o planeta&#8221;, a programa\u00e7\u00e3o da SCT inclui palestras, mesas-redondas, oficinas e minicursos &#8211; atividades que ser\u00e3o oferecidas em salas tem\u00e1ticas virtuais -, al\u00e9m de outros eventos que ser\u00e3o realizados simultaneamente.<\/p>\n<p style=\"text-align: justify;\">Ser\u00e3o oferecidas em nove salas, divididas pelas seguintes \u00e1reas de conhecimento:<\/p>\n<ul style=\"text-align: justify;\">\n<li>Pesquisa;<\/li>\n<li>Agr\u00e1rias;<\/li>\n<li>Ci\u00eancias Biol\u00f3gicas;<\/li>\n<li>Engenharia;<\/li>\n<li>Ci\u00eancias Exatas e da Terra;<\/li>\n<li>Ci\u00eancias Humanas;<\/li>\n<li>Ci\u00eancias da Sa\u00fade;<\/li>\n<li>Ci\u00eancias Sociais e Aplicadas; e<\/li>\n<li>Linguistica, Letras e Artes.<\/li>\n<\/ul>\n<p style=\"text-align: justify;\">A programa\u00e7\u00e3o completa pode ser consultada na\u00a0<a title=\"p\u00e1gina da SCT 2021\" href=\"https:\/\/www.ifms.edu.br:9000\/lists\/lt.php?tid=KxkFVgcJUgYFV0sCUwNSTlADU1tOWw8BVxteBQoHBwVTUFEFBAofBVUHUFYFAwBOV1QCUE4NDgkOG1lXBQZPBlNRU1BXClAIUlJWHwBWVQdcUQtQTlsBCFIbDFIAVk9TAgBTH1IAAgUBVlFXAlgBVQ\" target=\"_blank\" rel=\"noopener\" data-saferedirecturl=\"https:\/\/www.google.com\/url?q=https:\/\/www.ifms.edu.br:9000\/lists\/lt.php?tid%3DKxkFVgcJUgYFV0sCUwNSTlADU1tOWw8BVxteBQoHBwVTUFEFBAofBVUHUFYFAwBOV1QCUE4NDgkOG1lXBQZPBlNRU1BXClAIUlJWHwBWVQdcUQtQTlsBCFIbDFIAVk9TAgBTH1IAAgUBVlFXAlgBVQ&amp;source=gmail&amp;ust=1632567491173000&amp;usg=AFQjCNGlZW64-VyVy45myPmy-NuP2GGgXQ\">p\u00e1gina da SCT 2021<\/a>, onde as inscri\u00e7\u00f5es podem ser feitas gratuitamente. Inicialmente,\u00a0<a title=\"\" href=\"https:\/\/www.ifms.edu.br:9000\/lists\/lt.php?tid=KxkBUAEPVgJVUUtUAlRdTlBUVAROAQpbDhsMXlQGAwVVBw0KVFkfBVUHUFYFAwBOV1QCUE4NDgkOG1lXBQZPBlNRU1BXClAIUlJWHwBWVQdcUQtQTlsBCFIbDFIAVk9TAgBTH1IAAgUBVlFXAlgBVQ\" target=\"_blank\" rel=\"noopener\" data-saferedirecturl=\"https:\/\/www.google.com\/url?q=https:\/\/www.ifms.edu.br:9000\/lists\/lt.php?tid%3DKxkBUAEPVgJVUUtUAlRdTlBUVAROAQpbDhsMXlQGAwVVBw0KVFkfBVUHUFYFAwBOV1QCUE4NDgkOG1lXBQZPBlNRU1BXClAIUlJWHwBWVQdcUQtQTlsBCFIbDFIAVk9TAgBTH1IAAgUBVlFXAlgBVQ&amp;source=gmail&amp;ust=1632567491173000&amp;usg=AFQjCNFyK24dT0z-iRZHXWO_IDqVp9Wp8A\">\u00e9 preciso fazer o cadastro.<\/a>\u00a0Depois, \u00e9 s\u00f3 garantir a vaga nas atividades de interesse.<\/p>\n<p style=\"text-align: justify;\"><strong>Eventos simult\u00e2neos<\/strong>\u00a0&#8211; Al\u00e9m das salas virtuais, a programa\u00e7\u00e3o da SCT inclui uma s\u00e9rie de eventos paralelos.<\/p>\n<p style=\"text-align: justify;\">As\u00a0<strong>Feiras de Ci\u00eancia e Tecnologia 2021<\/strong>\u00a0ser\u00e3o realizadas entre os dias 4 e 8 de outubro. Os v\u00eddeos gravados pelos estudantes que tiverem os trabalhos selecionados ficar\u00e3o dispon\u00edveis para &#8220;visita\u00e7\u00e3o&#8221; e avalia\u00e7\u00e3o na\u00a0<a title=\"p\u00e1gina das Feiras\" href=\"https:\/\/www.ifms.edu.br:9000\/lists\/lt.php?tid=KxkNU1AMWwZaV0tXAlgHTlAAAldOWwleABsPXwcKB1VVUAMAVgofBVUHUFYFAwBOV1QCUE4NDgkOG1lXBQZPBlNRU1BXClAIUlJWHwBWVQdcUQtQTlsBCFIbDFIAVk9TAgBTH1IAAgUBVlFXAlgBVQ\" target=\"_blank\" rel=\"noopener\" data-saferedirecturl=\"https:\/\/www.google.com\/url?q=https:\/\/www.ifms.edu.br:9000\/lists\/lt.php?tid%3DKxkNU1AMWwZaV0tXAlgHTlAAAldOWwleABsPXwcKB1VVUAMAVgofBVUHUFYFAwBOV1QCUE4NDgkOG1lXBQZPBlNRU1BXClAIUlJWHwBWVQdcUQtQTlsBCFIbDFIAVk9TAgBTH1IAAgUBVlFXAlgBVQ&amp;source=gmail&amp;ust=1632567491173000&amp;usg=AFQjCNGVVKaN-alokfaduZJx_8s-trM3CA\">p\u00e1gina das Feiras<\/a>.<\/p>\n<p style=\"text-align: justify;\">Organizadas pelos dez campi, as Feiras s\u00e3o abertas a estudantes dos n\u00edveis fundamental, m\u00e9dio ou t\u00e9cnico integrado de n\u00edvel m\u00e9dio, de escolas p\u00fablicas e privadas. A divulga\u00e7\u00e3o do resultado preliminar da sele\u00e7\u00e3o de trabalhos est\u00e1 prevista para 28 de setembro, na\u00a0<a title=\"Central de Sele\u00e7\u00e3o od IFMS\" href=\"https:\/\/www.ifms.edu.br:9000\/lists\/lt.php?tid=KxkFBgBaUghUVktXAgBTTlBcCgZOAQsOUxsKXgMCUQFTXQYHVgwfBVUHUFYFAwBOV1QCUE4NDgkOG1lXBQZPBlNRU1BXClAIUlJWHwBWVQdcUQtQTlsBCFIbDFIAVk9TAgBTH1IAAgUBVlFXAlgBVQ\" target=\"_blank\" rel=\"noopener\" data-saferedirecturl=\"https:\/\/www.google.com\/url?q=https:\/\/www.ifms.edu.br:9000\/lists\/lt.php?tid%3DKxkFBgBaUghUVktXAgBTTlBcCgZOAQsOUxsKXgMCUQFTXQYHVgwfBVUHUFYFAwBOV1QCUE4NDgkOG1lXBQZPBlNRU1BXClAIUlJWHwBWVQdcUQtQTlsBCFIbDFIAVk9TAgBTH1IAAgUBVlFXAlgBVQ&amp;source=gmail&amp;ust=1632567491173000&amp;usg=AFQjCNGb4XbByRER2lcJILg2ZaNAw-v6vQ\">Central de Sele\u00e7\u00e3o do IFMS<\/a>.<\/p>\n<p style=\"text-align: justify;\">Outro evento que faz parte da Semana \u00e9 o\u00a0<strong>Semin\u00e1rio de Inicia\u00e7\u00e3o Cient\u00edfica e Tecnol\u00f3gica (Semict)<\/strong>, que re\u00fane pesquisas realizadas por estudantes dos cursos de gradua\u00e7\u00e3o do IFMS. Os v\u00eddeos gravados pelos acad\u00eamicos ficar\u00e3o dispon\u00edveis na\u00a0<a title=\"p\u00e1gina do Semict\" href=\"https:\/\/www.ifms.edu.br:9000\/lists\/lt.php?tid=KxlQClVbV1JUU0tWAFVUTlBXBVpOWAwMVRsMBQtVVVBXVQRRVQgfBVUHUFYFAwBOV1QCUE4NDgkOG1lXBQZPBlNRU1BXClAIUlJWHwBWVQdcUQtQTlsBCFIbDFIAVk9TAgBTH1IAAgUBVlFXAlgBVQ\" target=\"_blank\" rel=\"noopener\" data-saferedirecturl=\"https:\/\/www.google.com\/url?q=https:\/\/www.ifms.edu.br:9000\/lists\/lt.php?tid%3DKxlQClVbV1JUU0tWAFVUTlBXBVpOWAwMVRsMBQtVVVBXVQRRVQgfBVUHUFYFAwBOV1QCUE4NDgkOG1lXBQZPBlNRU1BXClAIUlJWHwBWVQdcUQtQTlsBCFIbDFIAVk9TAgBTH1IAAgUBVlFXAlgBVQ&amp;source=gmail&amp;ust=1632567491173000&amp;usg=AFQjCNENIfvn3NBBnkFuzF1CULvyMqUZPw\">p\u00e1gina do Semict<\/a>, tamb\u00e9m entre 4 e 8 de outubro.<\/p>\n<p style=\"text-align: justify;\">Nesta edi\u00e7\u00e3o da SCT, o\u00a0<strong>Hackathon IFMS<\/strong>, maratona de trabalho em equipe, estimular\u00e1 os participantes a criar solu\u00e7\u00f5es inovadoras para o planeta\u00a0segundo os Objetivos de Desenvolvimento Sustent\u00e1vel (ODS) da Organiza\u00e7\u00e3o das Na\u00e7\u00f5es Unidas (ONU). Estudantes dos dez campi, de qualquer curso ou n\u00edvel,\u00a0<a title=\"podem se inscrever at\u00e9 sexta-feira, 24\" href=\"https:\/\/www.ifms.edu.br:9000\/lists\/lt.php?tid=KxlQVFxaVVECBEsHUlZRTlBcUVZOAVwKDhsPAgoCVwRaXANTAw4fBVUHUFYFAwBOV1QCUE4NDgkOG1lXBQZPBlNRU1BXClAIUlJWHwBWVQdcUQtQTlsBCFIbDFIAVk9TAgBTH1IAAgUBVlFXAlgBVQ\" target=\"_blank\" rel=\"noopener\" data-saferedirecturl=\"https:\/\/www.google.com\/url?q=https:\/\/www.ifms.edu.br:9000\/lists\/lt.php?tid%3DKxlQVFxaVVECBEsHUlZRTlBcUVZOAVwKDhsPAgoCVwRaXANTAw4fBVUHUFYFAwBOV1QCUE4NDgkOG1lXBQZPBlNRU1BXClAIUlJWHwBWVQdcUQtQTlsBCFIbDFIAVk9TAgBTH1IAAgUBVlFXAlgBVQ&amp;source=gmail&amp;ust=1632567491173000&amp;usg=AFQjCNHaEdP1APdxOkZ15eYU8QvJXeYB8g\">podem se inscrever at\u00e9 sexta-feira, 24<\/a>.<\/p>\n<p style=\"text-align: justify;\">A programa\u00e7\u00e3o da SCT 2021 prev\u00ea ainda\u00a0<strong>Atividades Makers<\/strong>, aquelas em que \u00e9 apresentado um problema, uma proposta de solu\u00e7\u00e3o, um prot\u00f3tipo e um teste para avalia\u00e7\u00e3o;\u00a0<strong>Encontros de Inicia\u00e7\u00e3o Cient\u00edfica<\/strong>, ocasi\u00e3o em que os campi re\u00fanem estudantes selecionados em editais da inicia\u00e7\u00e3o cient\u00edfica para orient\u00e1-los; e o\u00a0<strong>Congresso Interdisciplinar de Pesquisa, Empreendedorismo e Inova\u00e7\u00e3o (Cipei)<\/strong>,\u00a0evento multicampi organizado pelas equipes gestoras das unidades locais da Incubadora Mista e Social do IFMS &#8211; TecnoIF.<\/p>\n<p style=\"text-align: justify;\"><strong>SCT\u00a0<\/strong>&#8211;\u00a0\u00c9 realizada pelo IFMS desde 2010, em conson\u00e2ncia com\u00a0a\u00a0<a title=\"Semana Nacional de Ci\u00eancia e Tecnologia (SNCT)\" href=\"https:\/\/www.ifms.edu.br:9000\/lists\/lt.php?tid=KxkHAFAJBgIHB0tVAlBXTlBRC1JOWFwKUxsJVwNVUVVQAANUXA8fBVUHUFYFAwBOV1QCUE4NDgkOG1lXBQZPBlNRU1BXClAIUlJWHwBWVQdcUQtQTlsBCFIbDFIAVk9TAgBTH1IAAgUBVlFXAlgBVQ\" target=\"_blank\" rel=\"noopener\" data-saferedirecturl=\"https:\/\/www.google.com\/url?q=https:\/\/www.ifms.edu.br:9000\/lists\/lt.php?tid%3DKxkHAFAJBgIHB0tVAlBXTlBRC1JOWFwKUxsJVwNVUVVQAANUXA8fBVUHUFYFAwBOV1QCUE4NDgkOG1lXBQZPBlNRU1BXClAIUlJWHwBWVQdcUQtQTlsBCFIbDFIAVk9TAgBTH1IAAgUBVlFXAlgBVQ&amp;source=gmail&amp;ust=1632567491173000&amp;usg=AFQjCNFOXnjcl0pamsQ1vFHxvac_YnPR9w\">Semana Nacional de Ci\u00eancia e Tecnologia (SNCT)<\/a>, organizada pelo Minist\u00e9rio da Ci\u00eancia, Tecnologia, Inova\u00e7\u00f5es e Comunica\u00e7\u00f5es (MCTIC).<\/p>\n<p style=\"text-align: justify;\">O evento, realizado sempre em outubro, oferece uma s\u00e9rie de atividades para a divulga\u00e7\u00e3o de a\u00e7\u00f5es desenvolvidas com estudantes e servidores do Instituto Federal nas \u00e1reas do ensino, pesquisa e extens\u00e3o.<\/p>\n<p style=\"text-align: justify;\">Nesta edi\u00e7\u00e3o, o IFMS\u00a0destinou R$ 38,1 mil para a realiza\u00e7\u00e3o dos eventos, sendo R$ 3 mil para cada campus oferecer atividades relacionadas \u00e0 SCT 2021, R$ 5 mil para a organiza\u00e7\u00e3o do Semict e R$ 3,2 mil para o Hackathon.<\/p>\n<p style=\"text-align: justify;\">Mais informa\u00e7\u00f5es e fotos das edi\u00e7\u00f5es anteriores est\u00e3o dispon\u00edveis na\u00a0<a title=\"p\u00e1gina da Semana de Ci\u00eancia e Tecnologia\" href=\"https:\/\/www.ifms.edu.br:9000\/lists\/lt.php?tid=KxkAUVYMU1NaAktbUVdSTlBQCgZOAVwPBhtaV1ZWUFJbBgIHAQsfBVUHUFYFAwBOV1QCUE4NDgkOG1lXBQZPBlNRU1BXClAIUlJWHwBWVQdcUQtQTlsBCFIbDFIAVk9TAgBTH1IAAgUBVlFXAlgBVQ\" target=\"_blank\" rel=\"noopener\" data-saferedirecturl=\"https:\/\/www.google.com\/url?q=https:\/\/www.ifms.edu.br:9000\/lists\/lt.php?tid%3DKxkAUVYMU1NaAktbUVdSTlBQCgZOAVwPBhtaV1ZWUFJbBgIHAQsfBVUHUFYFAwBOV1QCUE4NDgkOG1lXBQZPBlNRU1BXClAIUlJWHwBWVQdcUQtQTlsBCFIbDFIAVk9TAgBTH1IAAgUBVlFXAlgBVQ&amp;source=gmail&amp;ust=1632567491173000&amp;usg=AFQjCNGClZbhEyrBCWB1C2bKE3eGYzgTKg\">p\u00e1gina da Semana de Ci\u00eancia e Tecnologia<\/a>.<\/p>\n","protected":false},"excerpt":{"rendered":"<p>O Instituto Federal de Mato Grosso do Sul (IFMS) est\u00e1 com inscri\u00e7\u00f5es abertas para as atividades da edi\u00e7\u00e3o 2021 da Semana de Ci\u00eancia e Tecnologia (SCT), evento aberto ao p\u00fablico que ser\u00e1 realizado de forma virtual entre os dias 4 e 9 de outubro. Com o tema\u00a0\u201cA transversalidade da ci\u00eancia, tecnologia e inova\u00e7\u00e3o para o [&hellip;]<\/p>\n","protected":false},"author":2,"featured_media":163959,"comment_status":"open","ping_status":"open","sticky":false,"template":"","format":"standard","meta":{"_monsterinsights_skip_tracking":false,"_monsterinsights_sitenote_active":false,"_monsterinsights_sitenote_note":"","_monsterinsights_sitenote_category":0},"categories":[74],"tags":[],"aioseo_notices":[],"_links":{"self":[{"href":"http:\/\/mspontocom.com.br\/site\/wp-json\/wp\/v2\/posts\/163958"}],"collection":[{"href":"http:\/\/mspontocom.com.br\/site\/wp-json\/wp\/v2\/posts"}],"about":[{"href":"http:\/\/mspontocom.com.br\/site\/wp-json\/wp\/v2\/types\/post"}],"author":[{"embeddable":true,"href":"http:\/\/mspontocom.com.br\/site\/wp-json\/wp\/v2\/users\/2"}],"replies":[{"embeddable":true,"href":"http:\/\/mspontocom.com.br\/site\/wp-json\/wp\/v2\/comments?post=163958"}],"version-history":[{"count":1,"href":"http:\/\/mspontocom.com.br\/site\/wp-json\/wp\/v2\/posts\/163958\/revisions"}],"predecessor-version":[{"id":163960,"href":"http:\/\/mspontocom.com.br\/site\/wp-json\/wp\/v2\/posts\/163958\/revisions\/163960"}],"wp:featuredmedia":[{"embeddable":true,"href":"http:\/\/mspontocom.com.br\/site\/wp-json\/wp\/v2\/media\/163959"}],"wp:attachment":[{"href":"http:\/\/mspontocom.com.br\/site\/wp-json\/wp\/v2\/media?parent=163958"}],"wp:term":[{"taxonomy":"category","embeddable":true,"href":"http:\/\/mspontocom.com.br\/site\/wp-json\/wp\/v2\/categories?post=163958"},{"taxonomy":"post_tag","embeddable":true,"href":"http:\/\/mspontocom.com.br\/site\/wp-json\/wp\/v2\/tags?post=163958"}],"curies":[{"name":"wp","href":"https:\/\/api.w.org\/{rel}","templated":true}]}}