{"id":163992,"date":"2021-09-27T06:28:41","date_gmt":"2021-09-27T10:28:41","guid":{"rendered":"https:\/\/mspontocom.com.br\/site\/?p=163992"},"modified":"2021-09-27T07:59:49","modified_gmt":"2021-09-27T11:59:49","slug":"grandes-empresas-prometem-apoiar-governo-brasileiro-na-agenda-verde","status":"publish","type":"post","link":"http:\/\/mspontocom.com.br\/site\/grandes-empresas-prometem-apoiar-governo-brasileiro-na-agenda-verde\/","title":{"rendered":"Grandes empresas prometem apoiar governo brasileiro na agenda verde"},"content":{"rendered":"<p style=\"text-align: justify;\"><img loading=\"lazy\" class=\"alignnone size-full wp-image-163993\" src=\"https:\/\/mspontocom.com.br\/site\/wp-content\/uploads\/2021\/09\/site-grandes-empresas-prometem-apoiar-governo-brasileiro-na-agenda-verde-empresa-sustentavel-e1632734010520.jpg\" alt=\"\" width=\"976\" height=\"742\" srcset=\"http:\/\/mspontocom.com.br\/site\/wp-content\/uploads\/2021\/09\/site-grandes-empresas-prometem-apoiar-governo-brasileiro-na-agenda-verde-empresa-sustentavel-e1632734010520.jpg 976w, http:\/\/mspontocom.com.br\/site\/wp-content\/uploads\/2021\/09\/site-grandes-empresas-prometem-apoiar-governo-brasileiro-na-agenda-verde-empresa-sustentavel-e1632734010520-260x198.jpg 260w, http:\/\/mspontocom.com.br\/site\/wp-content\/uploads\/2021\/09\/site-grandes-empresas-prometem-apoiar-governo-brasileiro-na-agenda-verde-empresa-sustentavel-e1632734010520-768x584.jpg 768w\" sizes=\"(max-width: 976px) 100vw, 976px\" \/><\/p>\n<p style=\"text-align: justify;\">Presidentes de 105 grandes empresas nacionais e estrangeiras e de dez entidades setoriais assinaram uma carta defendendo objetivos clim\u00e1ticos ambiciosos e o protagonismo do Pa\u00eds nas negocia\u00e7\u00f5es do clima.<\/p>\n<p style=\"text-align: justify;\">O documento ser\u00e1 apresentado ao governo brasileiro e levado para a confer\u00eancia das <strong>Na\u00e7\u00f5es Unidas<\/strong>\u00a0sobre mudan\u00e7as clim\u00e1ticas, a COP26, marcada para novembro, em Glasgow.<\/p>\n<p style=\"text-align: justify;\">Apenas as 46 empresas desse grupo que t\u00eam capital aberto somam quase R$ 1 trilh\u00e3o em faturamento.<\/p>\n<p style=\"text-align: justify;\">Chamada de\u00a0<strong>\u201cEmpres\u00e1rios pelo Clima\u201d<\/strong>, a iniciativa liderada pelo Conselho Empresarial Brasileiro para o Desenvolvimento Sustent\u00e1vel (CEBDS) ocorre em meio a uma s\u00e9rie de movimentos do setor privado.<\/p>\n<p style=\"text-align: justify;\">A\u00a0<strong>presidente do CBEDS, Marina Gross<\/strong>,\u00a0 explica que o conselho tem alertado internamente ao governo sobre como seu posicionamento tira recursos das empresas.<\/p>\n<p style=\"text-align: justify;\">\u201cNa carta, estamos dizendo ao governo:<strong> \u2018por favor, avance, pois n\u00f3s vamos dar a retaguarda\u2019.<\/strong> Para fora do Brasil, estamos mostrando que o Pa\u00eds tem grandes empresas e institui\u00e7\u00f5es, com um peso grande do PIB, fazendo a coisa certa.\u201d<\/p>\n<p>&nbsp;<\/p>\n<p>foto: Revista ECO 21<\/p>\n","protected":false},"excerpt":{"rendered":"<p>Presidentes de 105 grandes empresas nacionais e estrangeiras e de dez entidades setoriais assinaram uma carta defendendo objetivos clim\u00e1ticos ambiciosos e o protagonismo do Pa\u00eds nas negocia\u00e7\u00f5es do clima. O documento ser\u00e1 apresentado ao governo brasileiro e levado para a confer\u00eancia das Na\u00e7\u00f5es Unidas\u00a0sobre mudan\u00e7as clim\u00e1ticas, a COP26, marcada para novembro, em Glasgow. Apenas as [&hellip;]<\/p>\n","protected":false},"author":2,"featured_media":164012,"comment_status":"open","ping_status":"open","sticky":false,"template":"","format":"standard","meta":{"_monsterinsights_skip_tracking":false,"_monsterinsights_sitenote_active":false,"_monsterinsights_sitenote_note":"","_monsterinsights_sitenote_category":0},"categories":[15],"tags":[],"aioseo_notices":[],"_links":{"self":[{"href":"http:\/\/mspontocom.com.br\/site\/wp-json\/wp\/v2\/posts\/163992"}],"collection":[{"href":"http:\/\/mspontocom.com.br\/site\/wp-json\/wp\/v2\/posts"}],"about":[{"href":"http:\/\/mspontocom.com.br\/site\/wp-json\/wp\/v2\/types\/post"}],"author":[{"embeddable":true,"href":"http:\/\/mspontocom.com.br\/site\/wp-json\/wp\/v2\/users\/2"}],"replies":[{"embeddable":true,"href":"http:\/\/mspontocom.com.br\/site\/wp-json\/wp\/v2\/comments?post=163992"}],"version-history":[{"count":1,"href":"http:\/\/mspontocom.com.br\/site\/wp-json\/wp\/v2\/posts\/163992\/revisions"}],"predecessor-version":[{"id":163994,"href":"http:\/\/mspontocom.com.br\/site\/wp-json\/wp\/v2\/posts\/163992\/revisions\/163994"}],"wp:featuredmedia":[{"embeddable":true,"href":"http:\/\/mspontocom.com.br\/site\/wp-json\/wp\/v2\/media\/164012"}],"wp:attachment":[{"href":"http:\/\/mspontocom.com.br\/site\/wp-json\/wp\/v2\/media?parent=163992"}],"wp:term":[{"taxonomy":"category","embeddable":true,"href":"http:\/\/mspontocom.com.br\/site\/wp-json\/wp\/v2\/categories?post=163992"},{"taxonomy":"post_tag","embeddable":true,"href":"http:\/\/mspontocom.com.br\/site\/wp-json\/wp\/v2\/tags?post=163992"}],"curies":[{"name":"wp","href":"https:\/\/api.w.org\/{rel}","templated":true}]}}