{"id":164060,"date":"2021-09-28T13:09:45","date_gmt":"2021-09-28T17:09:45","guid":{"rendered":"https:\/\/mspontocom.com.br\/site\/?p=164060"},"modified":"2021-09-28T13:09:45","modified_gmt":"2021-09-28T17:09:45","slug":"ifms-abre-inscricoes-para-especializacao-em-relacoes-etnico-raciais","status":"publish","type":"post","link":"http:\/\/mspontocom.com.br\/site\/ifms-abre-inscricoes-para-especializacao-em-relacoes-etnico-raciais\/","title":{"rendered":"IFMS abre inscri\u00e7\u00f5es para especializa\u00e7\u00e3o em Rela\u00e7\u00f5es \u00c9tnico-Raciais"},"content":{"rendered":"<p style=\"text-align: justify;\"><img loading=\"lazy\" class=\"alignnone size-full wp-image-164061\" src=\"https:\/\/mspontocom.com.br\/site\/wp-content\/uploads\/2021\/09\/site-ifms-abre-inscricoes-para-especializacao-em-relacoes-etnico-raciais-etno-e1632848920746.png\" alt=\"\" width=\"1040\" height=\"582\" srcset=\"http:\/\/mspontocom.com.br\/site\/wp-content\/uploads\/2021\/09\/site-ifms-abre-inscricoes-para-especializacao-em-relacoes-etnico-raciais-etno-e1632848920746.png 1040w, http:\/\/mspontocom.com.br\/site\/wp-content\/uploads\/2021\/09\/site-ifms-abre-inscricoes-para-especializacao-em-relacoes-etnico-raciais-etno-e1632848920746-260x146.png 260w, http:\/\/mspontocom.com.br\/site\/wp-content\/uploads\/2021\/09\/site-ifms-abre-inscricoes-para-especializacao-em-relacoes-etnico-raciais-etno-e1632848920746-768x430.png 768w, http:\/\/mspontocom.com.br\/site\/wp-content\/uploads\/2021\/09\/site-ifms-abre-inscricoes-para-especializacao-em-relacoes-etnico-raciais-etno-e1632848920746-1024x573.png 1024w\" sizes=\"(max-width: 1040px) 100vw, 1040px\" \/>O Instituto Federal de Mato Grosso do Sul (IFMS) est\u00e1 com inscri\u00e7\u00f5es abertas para 40 vagas no curso de p\u00f3s-gradua\u00e7\u00e3o\u00a0<em>lato sensu<\/em>\u00a0em Educa\u00e7\u00e3o para as Rela\u00e7\u00f5es \u00c9tnico-Raciais, a ser ofertado pelo Campus Nova Andradina.<\/p>\n<p style=\"text-align: justify;\">Os interessados devem se inscrever, gratuitamente, pela\u00a0<a title=\"\" href=\"https:\/\/www.ifms.edu.br:9000\/lists\/lt.php?tid=KxkNV11cVgJQA0tTUwJdTlAHAgNOAFwIVBsMVwQFUwABU1cHA10fUwECBwAEWVNOVQZWWk4NDwkBGwFeAAFPVVUHUAsHWVJWVFBQHwBWVQdcUQtQTlsBCFIbDFIAVk9TAgBTH1IAAgUBVlFXAlgBVQ\" target=\"_blank\" rel=\"noopener\" data-saferedirecturl=\"https:\/\/www.google.com\/url?q=https:\/\/www.ifms.edu.br:9000\/lists\/lt.php?tid%3DKxkNV11cVgJQA0tTUwJdTlAHAgNOAFwIVBsMVwQFUwABU1cHA10fUwECBwAEWVNOVQZWWk4NDwkBGwFeAAFPVVUHUAsHWVJWVFBQHwBWVQdcUQtQTlsBCFIbDFIAVk9TAgBTH1IAAgUBVlFXAlgBVQ&amp;source=gmail&amp;ust=1632927387386000&amp;usg=AFQjCNELa1wmgu7eap0aG8MwsvySI2QjeQ\">P\u00e1gina do Candidato<\/a>, at\u00e9 o dia 6 de outubro. \u00c9 preciso preencher o formul\u00e1rio de inscri\u00e7\u00e3o e anexar os documentos solicitados no\u00a0<a title=\"edital de abertura do processo seletivo\" href=\"https:\/\/www.ifms.edu.br:9000\/lists\/lt.php?tid=KxkEBldbBwNbB0tXBFNWTlBcAVVOAA8KDxsMAlBQW1MBVAZTVwEfUwECBwAEWVNOVQZWWk4NDwkBGwFeAAFPVVUHUAsHWVJWVFBQHwBWVQdcUQtQTlsBCFIbDFIAVk9TAgBTH1IAAgUBVlFXAlgBVQ\" target=\"_blank\" rel=\"noopener\" data-saferedirecturl=\"https:\/\/www.google.com\/url?q=https:\/\/www.ifms.edu.br:9000\/lists\/lt.php?tid%3DKxkEBldbBwNbB0tXBFNWTlBcAVVOAA8KDxsMAlBQW1MBVAZTVwEfUwECBwAEWVNOVQZWWk4NDwkBGwFeAAFPVVUHUAsHWVJWVFBQHwBWVQdcUQtQTlsBCFIbDFIAVk9TAgBTH1IAAgUBVlFXAlgBVQ&amp;source=gmail&amp;ust=1632927387386000&amp;usg=AFQjCNFMFStAr3YipZ-LE76uYWwcRzG19w\">edital de abertura do processo seletivo<\/a>, dentre os quais a c\u00f3pia do diploma de gradua\u00e7\u00e3o e o Curr\u00edculo Lattes.<\/p>\n<p style=\"text-align: justify;\">A sele\u00e7\u00e3o ser\u00e1 feita em duas etapas: an\u00e1lise curricular,\u00a0com base nos itens de avalia\u00e7\u00e3o e pesos estabelecidos na\u00a0<a title=\"Tabela de Pontua\u00e7\u00e3o (Anexo I)\" href=\"https:\/\/www.ifms.edu.br:9000\/lists\/lt.php?tid=KxlXBlALWwAAAEtSA1ADTlBTVFJOAAwKBhsPXgQHAVUHUgdRVA0fUwECBwAEWVNOVQZWWk4NDwkBGwFeAAFPVVUHUAsHWVJWVFBQHwBWVQdcUQtQTlsBCFIbDFIAVk9TAgBTH1IAAgUBVlFXAlgBVQ\" target=\"_blank\" rel=\"noopener\" data-saferedirecturl=\"https:\/\/www.google.com\/url?q=https:\/\/www.ifms.edu.br:9000\/lists\/lt.php?tid%3DKxlXBlALWwAAAEtSA1ADTlBTVFJOAAwKBhsPXgQHAVUHUgdRVA0fUwECBwAEWVNOVQZWWk4NDwkBGwFeAAFPVVUHUAsHWVJWVFBQHwBWVQdcUQtQTlsBCFIbDFIAVk9TAgBTH1IAAgUBVlFXAlgBVQ&amp;source=gmail&amp;ust=1632927387386000&amp;usg=AFQjCNFDy8TXkQLCUi883G1_Sqx1QGzRoA\">Tabela de Pontua\u00e7\u00e3o (Anexo I)<\/a>,\u00a0e entrevista.<\/p>\n<p style=\"text-align: justify;\">Os 60 primeiros classificados ser\u00e3o convocados para entrevistas on-line, que dever\u00e3o ocorrer entre 3 e 5 de novembro. Ser\u00e3o considerados crit\u00e9rios como\u00a0experi\u00eancia e conhecimentos acerca do tema do curso, bem como as motiva\u00e7\u00f5es e o interesse de pesquisa em rela\u00e7\u00e3o \u00e0 \u00e1rea.<\/p>\n<p style=\"text-align: justify;\">A previs\u00e3o \u00e9 que o resultado da an\u00e1lise curricular seja publicado no\u00a0dia 20 de outubro e a convoca\u00e7\u00e3o para as entrevistas aconte\u00e7am no dia 27.<\/p>\n<p style=\"text-align: justify;\">O resultado final e a lista de espera dever\u00e3o ser divulgados at\u00e9 12 de novembro, com matr\u00edculas dos convocados entre os dias 15 e 19 do mesmo m\u00eas.<\/p>\n<p style=\"text-align: justify;\">O in\u00edcio das aulas est\u00e1 previsto para 20 de novembro.<\/p>\n<p style=\"text-align: justify;\"><strong>Curso<\/strong>\u00a0&#8211; Esta \u00e9 a primeira oferta deste curso de especializa\u00e7\u00e3o no IFMS. As aulas ser\u00e3o ministradas quinzenalmente, aos s\u00e1bados. Apenas no primeiro m\u00eas, os encontros ser\u00e3o realizados toda semana.<\/p>\n<p style=\"text-align: justify;\">A especializa\u00e7\u00e3o ser\u00e1 desenvolvida em regime modular, com carga hor\u00e1ria de 360 horas, acrescidas de 60 horas para a elabora\u00e7\u00e3o do Trabalho de Conclus\u00e3o de Curso (TCC).<\/p>\n<p style=\"text-align: justify;\">O curso \u00e9 organizado em encontros presenciais, com possibilidade da oferta de algumas disciplinas a dist\u00e2ncia. Mais informa\u00e7\u00f5es sobre a especializa\u00e7\u00e3o est\u00e3o dispon\u00edveis no\u00a0<a title=\"Projeto Pedag\u00f3gico do Curso (PPC)\" href=\"https:\/\/www.ifms.edu.br:9000\/lists\/lt.php?tid=KxlWBgdcUAdWBEtaBVIDTlBXBwdOAFkOBRsIUAYLVVJRUVRRUAwfUwECBwAEWVNOVQZWWk4NDwkBGwFeAAFPVVUHUAsHWVJWVFBQHwBWVQdcUQtQTlsBCFIbDFIAVk9TAgBTH1IAAgUBVlFXAlgBVQ\" target=\"_blank\" rel=\"noopener\" data-saferedirecturl=\"https:\/\/www.google.com\/url?q=https:\/\/www.ifms.edu.br:9000\/lists\/lt.php?tid%3DKxlWBgdcUAdWBEtaBVIDTlBXBwdOAFkOBRsIUAYLVVJRUVRRUAwfUwECBwAEWVNOVQZWWk4NDwkBGwFeAAFPVVUHUAsHWVJWVFBQHwBWVQdcUQtQTlsBCFIbDFIAVk9TAgBTH1IAAgUBVlFXAlgBVQ&amp;source=gmail&amp;ust=1632927387386000&amp;usg=AFQjCNGT1Bq89JpmGJT-pm27CMpCqwP9hA\">Projeto Pedag\u00f3gico do Curso (PPC)<\/a>\u00a0e tamb\u00e9m na\u00a0<a title=\"\" href=\"https:\/\/www.ifms.edu.br:9000\/lists\/lt.php?tid=KxlXBFUAVVUHA0tSVQRWTlBQB1NOAVoIARsPVwEDAANXXQNUAVsfUwECBwAEWVNOVQZWWk4NDwkBGwFeAAFPVVUHUAsHWVJWVFBQHwBWVQdcUQtQTlsBCFIbDFIAVk9TAgBTH1IAAgUBVlFXAlgBVQ\" target=\"_blank\" rel=\"noopener\" data-saferedirecturl=\"https:\/\/www.google.com\/url?q=https:\/\/www.ifms.edu.br:9000\/lists\/lt.php?tid%3DKxlXBFUAVVUHA0tSVQRWTlBQB1NOAVoIARsPVwEDAANXXQNUAVsfUwECBwAEWVNOVQZWWk4NDwkBGwFeAAFPVVUHUAsHWVJWVFBQHwBWVQdcUQtQTlsBCFIbDFIAVk9TAgBTH1IAAgUBVlFXAlgBVQ&amp;source=gmail&amp;ust=1632927387386000&amp;usg=AFQjCNGb4bO_CgLJ3HReAoIlvez_6dvRqQ\">p\u00e1gina do curso<\/a>.<\/p>\n","protected":false},"excerpt":{"rendered":"<p>O Instituto Federal de Mato Grosso do Sul (IFMS) est\u00e1 com inscri\u00e7\u00f5es abertas para 40 vagas no curso de p\u00f3s-gradua\u00e7\u00e3o\u00a0lato sensu\u00a0em Educa\u00e7\u00e3o para as Rela\u00e7\u00f5es \u00c9tnico-Raciais, a ser ofertado pelo Campus Nova Andradina. Os interessados devem se inscrever, gratuitamente, pela\u00a0P\u00e1gina do Candidato, at\u00e9 o dia 6 de outubro. \u00c9 preciso preencher o formul\u00e1rio de inscri\u00e7\u00e3o [&hellip;]<\/p>\n","protected":false},"author":2,"featured_media":164061,"comment_status":"open","ping_status":"open","sticky":false,"template":"","format":"standard","meta":{"_monsterinsights_skip_tracking":false,"_monsterinsights_sitenote_active":false,"_monsterinsights_sitenote_note":"","_monsterinsights_sitenote_category":0},"categories":[74],"tags":[],"aioseo_notices":[],"_links":{"self":[{"href":"http:\/\/mspontocom.com.br\/site\/wp-json\/wp\/v2\/posts\/164060"}],"collection":[{"href":"http:\/\/mspontocom.com.br\/site\/wp-json\/wp\/v2\/posts"}],"about":[{"href":"http:\/\/mspontocom.com.br\/site\/wp-json\/wp\/v2\/types\/post"}],"author":[{"embeddable":true,"href":"http:\/\/mspontocom.com.br\/site\/wp-json\/wp\/v2\/users\/2"}],"replies":[{"embeddable":true,"href":"http:\/\/mspontocom.com.br\/site\/wp-json\/wp\/v2\/comments?post=164060"}],"version-history":[{"count":1,"href":"http:\/\/mspontocom.com.br\/site\/wp-json\/wp\/v2\/posts\/164060\/revisions"}],"predecessor-version":[{"id":164062,"href":"http:\/\/mspontocom.com.br\/site\/wp-json\/wp\/v2\/posts\/164060\/revisions\/164062"}],"wp:featuredmedia":[{"embeddable":true,"href":"http:\/\/mspontocom.com.br\/site\/wp-json\/wp\/v2\/media\/164061"}],"wp:attachment":[{"href":"http:\/\/mspontocom.com.br\/site\/wp-json\/wp\/v2\/media?parent=164060"}],"wp:term":[{"taxonomy":"category","embeddable":true,"href":"http:\/\/mspontocom.com.br\/site\/wp-json\/wp\/v2\/categories?post=164060"},{"taxonomy":"post_tag","embeddable":true,"href":"http:\/\/mspontocom.com.br\/site\/wp-json\/wp\/v2\/tags?post=164060"}],"curies":[{"name":"wp","href":"https:\/\/api.w.org\/{rel}","templated":true}]}}