{"id":164082,"date":"2021-09-29T07:21:52","date_gmt":"2021-09-29T11:21:52","guid":{"rendered":"https:\/\/mspontocom.com.br\/site\/?p=164082"},"modified":"2021-09-29T07:21:52","modified_gmt":"2021-09-29T11:21:52","slug":"inscricoes-abertas-para-250-vagas-de-estagio-no-governo-de-mato-grosso-do-sul","status":"publish","type":"post","link":"http:\/\/mspontocom.com.br\/site\/inscricoes-abertas-para-250-vagas-de-estagio-no-governo-de-mato-grosso-do-sul\/","title":{"rendered":"Inscri\u00e7\u00f5es abertas para 250 vagas de est\u00e1gio no Governo de Mato Grosso do Sul"},"content":{"rendered":"<p style=\"text-align: justify;\"><img loading=\"lazy\" class=\"alignnone size-full wp-image-164090\" src=\"https:\/\/mspontocom.com.br\/site\/wp-content\/uploads\/2021\/09\/site-inscricoes-abertas-para-250-vagas-de-estagio-no-governo-de-mato-grosso-do-sul-estagio-ms.jpeg\" alt=\"\" width=\"730\" height=\"480\" srcset=\"http:\/\/mspontocom.com.br\/site\/wp-content\/uploads\/2021\/09\/site-inscricoes-abertas-para-250-vagas-de-estagio-no-governo-de-mato-grosso-do-sul-estagio-ms.jpeg 730w, http:\/\/mspontocom.com.br\/site\/wp-content\/uploads\/2021\/09\/site-inscricoes-abertas-para-250-vagas-de-estagio-no-governo-de-mato-grosso-do-sul-estagio-ms-260x171.jpeg 260w\" sizes=\"(max-width: 730px) 100vw, 730px\" \/>Come\u00e7am nesta quarta-feira (28) as inscri\u00e7\u00f5es para abertura de 250 vagas de est\u00e1gio no Governo do Estado.<\/p>\n<p style=\"text-align: justify;\">Elas v\u00e3o se estender at\u00e9 o dia 05 de outubro.<\/p>\n<p style=\"text-align: justify;\">Os estudantes de diversos cursos de gradua\u00e7\u00e3o ir\u00e3o passar por um processo seletivo simplificado, que vai dispor dos aprovados ap\u00f3s realiza\u00e7\u00e3o de uma prova escrita classificat\u00f3ria.<\/p>\n<p style=\"text-align: justify;\">Podem participar da sele\u00e7\u00e3o estudantes a partir do 3\u00b0 ano ou 6\u00b0 semestre da <strong>Uems<\/strong> (Universidade Estadual de Mato Grosso do Sul, <strong>UFMS<\/strong> (Universidade Federal de Mato Grosso do Sul), <strong>UFGD<\/strong> (Universidade Federal da Grande Dourados), <strong>UCDB<\/strong> (Universidade Cat\u00f3lica Dom Bosco, <strong>Anhanguera-Uniderp<\/strong>, al\u00e9m do<strong> IFMS<\/strong> (Instituto Federal de Mato Grosso do Sul).<\/p>\n<p style=\"text-align: justify;\">A dura\u00e7\u00e3o do est\u00e1gio ser\u00e1 de 12 meses, podendo ser prorrogado pelo mesmo per\u00edodo, em uma carga hor\u00e1ria de 30 horas semanais, com bolsa-aux\u00edlio de R$ 1.100,00. O estudante ter\u00e1 direito a aux\u00edlio transporte (R$ 200,00).<\/p>\n<p style=\"text-align: justify;\">As inscri\u00e7\u00f5es podem ser feitas apenas pela internet, no site da Fapec (Funda\u00e7\u00e3o de Apoio e Desenvolvimento do Ensino, Ci\u00eancia e Tecnologia).<\/p>\n<p style=\"text-align: justify;\">Acesse\u00a0<a class=\" \" role=\"button\" href=\"https:\/\/concurso.fapec.org\/view.php?id=133261301_PSG.pdf\">01- Edital de abertura<\/a><\/p>\n","protected":false},"excerpt":{"rendered":"<p>Come\u00e7am nesta quarta-feira (28) as inscri\u00e7\u00f5es para abertura de 250 vagas de est\u00e1gio no Governo do Estado. Elas v\u00e3o se estender at\u00e9 o dia 05 de outubro. Os estudantes de diversos cursos de gradua\u00e7\u00e3o ir\u00e3o passar por um processo seletivo simplificado, que vai dispor dos aprovados ap\u00f3s realiza\u00e7\u00e3o de uma prova escrita classificat\u00f3ria. Podem participar [&hellip;]<\/p>\n","protected":false},"author":2,"featured_media":164090,"comment_status":"open","ping_status":"open","sticky":false,"template":"","format":"standard","meta":{"_monsterinsights_skip_tracking":false,"_monsterinsights_sitenote_active":false,"_monsterinsights_sitenote_note":"","_monsterinsights_sitenote_category":0},"categories":[74],"tags":[],"aioseo_notices":[],"_links":{"self":[{"href":"http:\/\/mspontocom.com.br\/site\/wp-json\/wp\/v2\/posts\/164082"}],"collection":[{"href":"http:\/\/mspontocom.com.br\/site\/wp-json\/wp\/v2\/posts"}],"about":[{"href":"http:\/\/mspontocom.com.br\/site\/wp-json\/wp\/v2\/types\/post"}],"author":[{"embeddable":true,"href":"http:\/\/mspontocom.com.br\/site\/wp-json\/wp\/v2\/users\/2"}],"replies":[{"embeddable":true,"href":"http:\/\/mspontocom.com.br\/site\/wp-json\/wp\/v2\/comments?post=164082"}],"version-history":[{"count":3,"href":"http:\/\/mspontocom.com.br\/site\/wp-json\/wp\/v2\/posts\/164082\/revisions"}],"predecessor-version":[{"id":164091,"href":"http:\/\/mspontocom.com.br\/site\/wp-json\/wp\/v2\/posts\/164082\/revisions\/164091"}],"wp:featuredmedia":[{"embeddable":true,"href":"http:\/\/mspontocom.com.br\/site\/wp-json\/wp\/v2\/media\/164090"}],"wp:attachment":[{"href":"http:\/\/mspontocom.com.br\/site\/wp-json\/wp\/v2\/media?parent=164082"}],"wp:term":[{"taxonomy":"category","embeddable":true,"href":"http:\/\/mspontocom.com.br\/site\/wp-json\/wp\/v2\/categories?post=164082"},{"taxonomy":"post_tag","embeddable":true,"href":"http:\/\/mspontocom.com.br\/site\/wp-json\/wp\/v2\/tags?post=164082"}],"curies":[{"name":"wp","href":"https:\/\/api.w.org\/{rel}","templated":true}]}}