{"id":164126,"date":"2021-09-30T08:57:43","date_gmt":"2021-09-30T12:57:43","guid":{"rendered":"https:\/\/mspontocom.com.br\/site\/?p=164126"},"modified":"2021-09-30T07:43:14","modified_gmt":"2021-09-30T11:43:14","slug":"feira-do-empreendedor-2021-inscricoes-gratuitas-abertas","status":"publish","type":"post","link":"http:\/\/mspontocom.com.br\/site\/feira-do-empreendedor-2021-inscricoes-gratuitas-abertas\/","title":{"rendered":"Feira do Empreendedor 2021. Inscri\u00e7\u00f5es gratuitas abertas"},"content":{"rendered":"<p style=\"text-align: justify;\"><img loading=\"lazy\" class=\"alignnone size-full wp-image-164135\" src=\"https:\/\/mspontocom.com.br\/site\/wp-content\/uploads\/2021\/09\/site-feira-do-empreendedor-2021-inscricoes-gratuitas-abertas-sebrae-feira-do-empreendedor-inscricao-e1633002110450.jpeg\" alt=\"\" width=\"645\" height=\"476\" srcset=\"http:\/\/mspontocom.com.br\/site\/wp-content\/uploads\/2021\/09\/site-feira-do-empreendedor-2021-inscricoes-gratuitas-abertas-sebrae-feira-do-empreendedor-inscricao-e1633002110450.jpeg 645w, http:\/\/mspontocom.com.br\/site\/wp-content\/uploads\/2021\/09\/site-feira-do-empreendedor-2021-inscricoes-gratuitas-abertas-sebrae-feira-do-empreendedor-inscricao-e1633002110450-260x192.jpeg 260w\" sizes=\"(max-width: 645px) 100vw, 645px\" \/>Entre os dias<strong>\u00a023 e 27 de outubro<\/strong>, a Feira do Empreendedor do acontece com uma programa\u00e7\u00e3o nacional.<\/p>\n<p style=\"text-align: justify;\">A edi\u00e7\u00e3o 2021 \u00e9 focada na\u00a0<strong>inova\u00e7\u00e3o<\/strong>\u00a0e em tem\u00e1ticas que podem ajudar empres\u00e1rios a alavancar neg\u00f3cios num\u00a0<strong>cen\u00e1rio p\u00f3s-pandemia.\u00a0<\/strong><\/p>\n<p style=\"text-align: justify;\">Ser\u00e3o\u00a05 dias de programa\u00e7\u00e3o, com palestras, oficinas e rodadas de neg\u00f3cios\u00a0voltadas para quem ainda pretende empreender ou j\u00e1 tem uma empresa; distribu\u00eddas em v\u00e1rios pavilh\u00f5es virtuais.<\/p>\n<p style=\"text-align: justify;\"><strong>As<\/strong>\u00a0<strong>inscri\u00e7\u00f5es s\u00e3o gratuitas<\/strong>\u00a0e podem ser feitas no site do evento.<\/p>\n<p>&nbsp;<\/p>\n<table border=\"0\" width=\"100%\" cellspacing=\"0\" cellpadding=\"0\">\n<tbody>\n<tr>\n<td align=\"center\" valign=\"top\">\n<table border=\"0\" width=\"100%\" cellspacing=\"0\" cellpadding=\"0\">\n<tbody>\n<tr>\n<td align=\"center\" valign=\"middle\"><a title=\"\" href=\"https:\/\/t.rdsv1.net\/ls\/click?upn=gOuy8TsKhM99rT3JG24JneSOhWaIzq0GvAVSrBNxCaOwbGwBWUo7-2FqzE6Z2zpqCvr-2BMyRCGpM08EoUpPfiKhtYLbKjgzWXbE-2FIMa2hYgjjgyBhqlt49JDzcQpa-2FxBO2lk9FM9-2FRdAKfEz-2BkKeyZ4aw682asFalJ2mBM7r860BscsMIMM7Y-2FNCPKYJW-2F6gxBRP7P-_qLbKLb-2BN6TXZnaCL0IB5xUj32lOyZQL2WTTBxva00nZ08hd-2BK7iXZlwx9ttYsaLgerN9sYCPa-2BdYcrCYsVseQ1KaAaVQ13xrm4VZtEbBsxpD-2BTqqvUrmUI6X1VK-2B3yqPwzELCMm-2FsMLVI4CB7d4X1Ntwli9oWWb0nxqAFJuKGirA2Eg8MChuW7qf0ZDfQfbLwUMFtahJdExge1-2FXoxYE4fJ793D7VeRKhwENKehd7tfTGW-2FSeXgf2CuVgig6Qoa9C4RhQimx11J8FAsJEu0V5uqy0jCHfecKJazkOq-2BL-2FNIg8WLZoAuvxJePQ1AZP5eRAVFr2Er2suboie7f-2Bff4EEsEieaoRAaPd3j33Bz25Tn08g-2Fa8JTZmiPccpGXC-2FFSKzuV8g90QeEJbTBX0WOpiURv6AINWk3Rvm62WKVWFv-2FSgmcRY1AirtecBmsvWijMr4huZo3Nl86nFKxzqJMk0tPVGxzcK5irjms2HrVZV7E-3D\" target=\"_blank\" rel=\"noopener\" data-saferedirecturl=\"https:\/\/www.google.com\/url?q=https:\/\/t.rdsv1.net\/ls\/click?upn%3DgOuy8TsKhM99rT3JG24JneSOhWaIzq0GvAVSrBNxCaOwbGwBWUo7-2FqzE6Z2zpqCvr-2BMyRCGpM08EoUpPfiKhtYLbKjgzWXbE-2FIMa2hYgjjgyBhqlt49JDzcQpa-2FxBO2lk9FM9-2FRdAKfEz-2BkKeyZ4aw682asFalJ2mBM7r860BscsMIMM7Y-2FNCPKYJW-2F6gxBRP7P-_qLbKLb-2BN6TXZnaCL0IB5xUj32lOyZQL2WTTBxva00nZ08hd-2BK7iXZlwx9ttYsaLgerN9sYCPa-2BdYcrCYsVseQ1KaAaVQ13xrm4VZtEbBsxpD-2BTqqvUrmUI6X1VK-2B3yqPwzELCMm-2FsMLVI4CB7d4X1Ntwli9oWWb0nxqAFJuKGirA2Eg8MChuW7qf0ZDfQfbLwUMFtahJdExge1-2FXoxYE4fJ793D7VeRKhwENKehd7tfTGW-2FSeXgf2CuVgig6Qoa9C4RhQimx11J8FAsJEu0V5uqy0jCHfecKJazkOq-2BL-2FNIg8WLZoAuvxJePQ1AZP5eRAVFr2Er2suboie7f-2Bff4EEsEieaoRAaPd3j33Bz25Tn08g-2Fa8JTZmiPccpGXC-2FFSKzuV8g90QeEJbTBX0WOpiURv6AINWk3Rvm62WKVWFv-2FSgmcRY1AirtecBmsvWijMr4huZo3Nl86nFKxzqJMk0tPVGxzcK5irjms2HrVZV7E-3D&amp;source=gmail&amp;ust=1633082954864000&amp;usg=AFQjCNEEXR8nx1yojKzQwVgiamrvKE87og\">Inscri\u00e7\u00f5es abertas aqui!<\/a><\/td>\n<\/tr>\n<\/tbody>\n<\/table>\n<\/td>\n<\/tr>\n<\/tbody>\n<\/table>\n","protected":false},"excerpt":{"rendered":"<p>Entre os dias\u00a023 e 27 de outubro, a Feira do Empreendedor do acontece com uma programa\u00e7\u00e3o nacional. A edi\u00e7\u00e3o 2021 \u00e9 focada na\u00a0inova\u00e7\u00e3o\u00a0e em tem\u00e1ticas que podem ajudar empres\u00e1rios a alavancar neg\u00f3cios num\u00a0cen\u00e1rio p\u00f3s-pandemia.\u00a0 Ser\u00e3o\u00a05 dias de programa\u00e7\u00e3o, com palestras, oficinas e rodadas de neg\u00f3cios\u00a0voltadas para quem ainda pretende empreender ou j\u00e1 tem uma empresa; [&hellip;]<\/p>\n","protected":false},"author":2,"featured_media":164135,"comment_status":"open","ping_status":"open","sticky":false,"template":"","format":"standard","meta":{"_monsterinsights_skip_tracking":false,"_monsterinsights_sitenote_active":false,"_monsterinsights_sitenote_note":"","_monsterinsights_sitenote_category":0},"categories":[15,1],"tags":[],"aioseo_notices":[],"_links":{"self":[{"href":"http:\/\/mspontocom.com.br\/site\/wp-json\/wp\/v2\/posts\/164126"}],"collection":[{"href":"http:\/\/mspontocom.com.br\/site\/wp-json\/wp\/v2\/posts"}],"about":[{"href":"http:\/\/mspontocom.com.br\/site\/wp-json\/wp\/v2\/types\/post"}],"author":[{"embeddable":true,"href":"http:\/\/mspontocom.com.br\/site\/wp-json\/wp\/v2\/users\/2"}],"replies":[{"embeddable":true,"href":"http:\/\/mspontocom.com.br\/site\/wp-json\/wp\/v2\/comments?post=164126"}],"version-history":[{"count":3,"href":"http:\/\/mspontocom.com.br\/site\/wp-json\/wp\/v2\/posts\/164126\/revisions"}],"predecessor-version":[{"id":164136,"href":"http:\/\/mspontocom.com.br\/site\/wp-json\/wp\/v2\/posts\/164126\/revisions\/164136"}],"wp:featuredmedia":[{"embeddable":true,"href":"http:\/\/mspontocom.com.br\/site\/wp-json\/wp\/v2\/media\/164135"}],"wp:attachment":[{"href":"http:\/\/mspontocom.com.br\/site\/wp-json\/wp\/v2\/media?parent=164126"}],"wp:term":[{"taxonomy":"category","embeddable":true,"href":"http:\/\/mspontocom.com.br\/site\/wp-json\/wp\/v2\/categories?post=164126"},{"taxonomy":"post_tag","embeddable":true,"href":"http:\/\/mspontocom.com.br\/site\/wp-json\/wp\/v2\/tags?post=164126"}],"curies":[{"name":"wp","href":"https:\/\/api.w.org\/{rel}","templated":true}]}}