{"id":164131,"date":"2021-09-30T12:58:09","date_gmt":"2021-09-30T16:58:09","guid":{"rendered":"https:\/\/mspontocom.com.br\/site\/?p=164131"},"modified":"2021-09-30T08:31:49","modified_gmt":"2021-09-30T12:31:49","slug":"mato-grosso-do-sul-e-destino-destaque-no-forum-de-turismo-lgbt-2021","status":"publish","type":"post","link":"http:\/\/mspontocom.com.br\/site\/mato-grosso-do-sul-e-destino-destaque-no-forum-de-turismo-lgbt-2021\/","title":{"rendered":"Mato Grosso do Sul \u00e9 destino destaque no F\u00f3rum de Turismo LGBT 2021"},"content":{"rendered":"<p style=\"text-align: justify;\"><img loading=\"lazy\" class=\"alignnone size-full wp-image-164142\" src=\"https:\/\/mspontocom.com.br\/site\/wp-content\/uploads\/2021\/09\/site-mato-grosso-do-sul-e-destino-destaque-no-forum-de-turismo-lgbt-2021-turismo.jpeg\" alt=\"\" width=\"730\" height=\"425\" srcset=\"http:\/\/mspontocom.com.br\/site\/wp-content\/uploads\/2021\/09\/site-mato-grosso-do-sul-e-destino-destaque-no-forum-de-turismo-lgbt-2021-turismo.jpeg 730w, http:\/\/mspontocom.com.br\/site\/wp-content\/uploads\/2021\/09\/site-mato-grosso-do-sul-e-destino-destaque-no-forum-de-turismo-lgbt-2021-turismo-260x151.jpeg 260w\" sizes=\"(max-width: 730px) 100vw, 730px\" \/>A Funda\u00e7\u00e3o de Turismo do MS (Fundtur MS) estar\u00e1 presente no F\u00f3rum de Turismo LGBT 2021.<\/p>\n<p style=\"text-align: justify;\">O evento, que tem o intuito de gerar conhecimento e reunir os melhores profissionais do mercado no segmento, acontece de forma h\u00edbrida durante todo o dia 30 de setembro, em S\u00e3o Paulo.<\/p>\n<p style=\"text-align: justify;\">Segundo Bruno Wendling, diretor-presidente da Fundtur, o MS vai forte para o F\u00f3rum LGBT deste ano.<\/p>\n<p style=\"text-align: justify;\">\u201cEssa a\u00e7\u00e3o, que tamb\u00e9m ser\u00e1 presencial, \u00e9 muito importante pois o MS j\u00e1 est\u00e1 h\u00e1 quase 3 anos num trabalho focado na segmenta\u00e7\u00e3o para este p\u00fablico. Realizamos capacita\u00e7\u00f5es, campanhas promocionais direcionadas, parcerias junto com a Subsecretaria LGBT estadual, que \u00e9 uma das poucas existentes no pa\u00eds, temos Lei Estadual espec\u00edfica, ou seja, a gente vem construindo uma pol\u00edtica p\u00fablica s\u00f3lida para poder atender a esse mercado t\u00e3o espec\u00edfico e t\u00e3o valioso para o nosso turismo\u201d, pontua.<\/p>\n<p style=\"text-align: justify;\">O F\u00f3rum de Turismo LGBT do Brasil \u00e9 uma plataforma geradora de conhecimento que re\u00fane os melhores profissionais do mercado em um dia networking.<\/p>\n<p style=\"text-align: justify;\">Ferramentas como palestras e apresenta\u00e7\u00e3o de cases, auxiliam na capacita\u00e7\u00e3o dos profissionais do turismo e no desenvolvimento de produtos que atendam \u00e0s demandas do turismo LGBT.<\/p>\n<p style=\"text-align: justify;\"><strong>Promo\u00e7\u00e3o e divulga\u00e7\u00e3o<\/strong><\/p>\n<p style=\"text-align: justify;\">Durante o evento, a marca do turismo do estado estar\u00e1 presente em materiais de divulga\u00e7\u00e3o como sacolas, pain\u00e9is, capas de cadeiras, banners online, backdrop da campanha \u201cDesbravador de Destinos\u201d para que os participantes possam tirar fotos, al\u00e9m de uma mesa para atendimento.<\/p>\n<p style=\"text-align: justify;\">A diretoria de Promo\u00e7\u00e3o e Mercado da Fundtur MS far\u00e1 uma capacita\u00e7\u00e3o, \u00e0s 12h20, sobre as especificidades do turismo de Mato Grosso do Sul e apresentar\u00e1 destinos como Pantanal, Campo Grande e Bonito \/ Serra da Bodoquena.<\/p>\n<p style=\"text-align: justify;\">Para saber mais sobre o evento, acesse\u00a0<a href=\"https:\/\/forumdeturismolgbt.com.br\/\" target=\"_blank\" rel=\"noopener\">forumdeturismolgbt.com.br<\/a>.<\/p>\n<p style=\"text-align: justify;\">\n<p style=\"text-align: justify;\"><em>fonte: D\u00e9bora Bordin \/ Foto: @visitmsoficial<\/em><\/p>\n","protected":false},"excerpt":{"rendered":"<p>A Funda\u00e7\u00e3o de Turismo do MS (Fundtur MS) estar\u00e1 presente no F\u00f3rum de Turismo LGBT 2021. O evento, que tem o intuito de gerar conhecimento e reunir os melhores profissionais do mercado no segmento, acontece de forma h\u00edbrida durante todo o dia 30 de setembro, em S\u00e3o Paulo. Segundo Bruno Wendling, diretor-presidente da Fundtur, o [&hellip;]<\/p>\n","protected":false},"author":2,"featured_media":164142,"comment_status":"open","ping_status":"open","sticky":false,"template":"","format":"standard","meta":{"_monsterinsights_skip_tracking":false,"_monsterinsights_sitenote_active":false,"_monsterinsights_sitenote_note":"","_monsterinsights_sitenote_category":0},"categories":[74,10],"tags":[],"aioseo_notices":[],"_links":{"self":[{"href":"http:\/\/mspontocom.com.br\/site\/wp-json\/wp\/v2\/posts\/164131"}],"collection":[{"href":"http:\/\/mspontocom.com.br\/site\/wp-json\/wp\/v2\/posts"}],"about":[{"href":"http:\/\/mspontocom.com.br\/site\/wp-json\/wp\/v2\/types\/post"}],"author":[{"embeddable":true,"href":"http:\/\/mspontocom.com.br\/site\/wp-json\/wp\/v2\/users\/2"}],"replies":[{"embeddable":true,"href":"http:\/\/mspontocom.com.br\/site\/wp-json\/wp\/v2\/comments?post=164131"}],"version-history":[{"count":2,"href":"http:\/\/mspontocom.com.br\/site\/wp-json\/wp\/v2\/posts\/164131\/revisions"}],"predecessor-version":[{"id":164143,"href":"http:\/\/mspontocom.com.br\/site\/wp-json\/wp\/v2\/posts\/164131\/revisions\/164143"}],"wp:featuredmedia":[{"embeddable":true,"href":"http:\/\/mspontocom.com.br\/site\/wp-json\/wp\/v2\/media\/164142"}],"wp:attachment":[{"href":"http:\/\/mspontocom.com.br\/site\/wp-json\/wp\/v2\/media?parent=164131"}],"wp:term":[{"taxonomy":"category","embeddable":true,"href":"http:\/\/mspontocom.com.br\/site\/wp-json\/wp\/v2\/categories?post=164131"},{"taxonomy":"post_tag","embeddable":true,"href":"http:\/\/mspontocom.com.br\/site\/wp-json\/wp\/v2\/tags?post=164131"}],"curies":[{"name":"wp","href":"https:\/\/api.w.org\/{rel}","templated":true}]}}