{"id":164192,"date":"2021-10-02T09:57:29","date_gmt":"2021-10-02T13:57:29","guid":{"rendered":"https:\/\/mspontocom.com.br\/site\/?p=164192"},"modified":"2021-10-02T08:03:40","modified_gmt":"2021-10-02T12:03:40","slug":"bid-lanca-podcast-caminhos-para-o-turismo-possibilidades-para-o-setor","status":"publish","type":"post","link":"http:\/\/mspontocom.com.br\/site\/bid-lanca-podcast-caminhos-para-o-turismo-possibilidades-para-o-setor\/","title":{"rendered":"BID lan\u00e7a podcast Caminhos para o Turismo: Possibilidades para o setor"},"content":{"rendered":"<p style=\"text-align: justify;\"><img loading=\"lazy\" class=\"alignnone size-full wp-image-164193\" src=\"https:\/\/mspontocom.com.br\/site\/wp-content\/uploads\/2021\/10\/site-bid-lanca-podcast-caminhos-para-o-turismo-possibilidades-para-o-setor-bid-e1633176111296.jpg\" alt=\"\" width=\"886\" height=\"518\" srcset=\"http:\/\/mspontocom.com.br\/site\/wp-content\/uploads\/2021\/10\/site-bid-lanca-podcast-caminhos-para-o-turismo-possibilidades-para-o-setor-bid-e1633176111296.jpg 886w, http:\/\/mspontocom.com.br\/site\/wp-content\/uploads\/2021\/10\/site-bid-lanca-podcast-caminhos-para-o-turismo-possibilidades-para-o-setor-bid-e1633176111296-260x152.jpg 260w, http:\/\/mspontocom.com.br\/site\/wp-content\/uploads\/2021\/10\/site-bid-lanca-podcast-caminhos-para-o-turismo-possibilidades-para-o-setor-bid-e1633176111296-768x449.jpg 768w\" sizes=\"(max-width: 886px) 100vw, 886px\" \/>O Banco Interamericano de Desenvolvimento (BID) lan\u00e7a a s\u00e9rie de podcasts\u00a0<a href=\"https:\/\/www.iadb.org\/pt\/caminhosparaoturismo\" target=\"_blank\" rel=\"noopener\" data-saferedirecturl=\"https:\/\/www.google.com\/url?q=https:\/\/www.iadb.org\/pt\/caminhosparaoturismo&amp;source=gmail&amp;ust=1633254698407000&amp;usg=AFQjCNEQk4doZ5-Yz8imqPJ7OuIg5KqaMg\"><strong>Caminhos para o Turismo<\/strong><\/a>, dedicada a explorar possibilidades e oportunidades de fortalecimento do setor de maneira sustent\u00e1vel num contexto de retomada da economia p\u00f3s pandemia.<\/p>\n<p style=\"text-align: justify;\">Dedicada a gestores p\u00fablicos, empres\u00e1rios e profissionais do setor, a s\u00e9rie conta com a participa\u00e7\u00e3o de profissionais que est\u00e3o pensando e construindo diferentes caminhos para um futuro mais sustent\u00e1vel e inclusivo para o setor no Brasil<\/p>\n<p style=\"text-align: justify;\">Os epis\u00f3dios j\u00e1 lan\u00e7ados trazem temas como a rela\u00e7\u00e3o entre turismo e emprego, e modelos de turismo de base comunit\u00e1ria e de impacto social. A temporada vai abordar ainda mudan\u00e7a clim\u00e1tica, inova\u00e7\u00e3o, turismo LGBTQIA+, educa\u00e7\u00e3o, entre outros.<\/p>\n<p style=\"text-align: justify;\">Os epis\u00f3dios est\u00e3o dispon\u00edveis na p\u00e1gina\u00a0<a href=\"http:\/\/www.caminhosparaoturismo.com.br\/\" target=\"_blank\" rel=\"noopener\" data-saferedirecturl=\"https:\/\/www.google.com\/url?q=http:\/\/www.caminhosparaoturismo.com.br&amp;source=gmail&amp;ust=1633254698407000&amp;usg=AFQjCNFHvOq2jMK9B-8_xFdmHi5bV3PowQ\">www.caminhosparaoturismo.com.<wbr \/>br<\/a>\u00a0e no canal do BID no\u00a0<a href=\"https:\/\/soundcloud.com\/bancointeramericanodesarrollo\/sets\/brasil-caminhos-para-o-turismo\" target=\"_blank\" rel=\"noopener\" data-saferedirecturl=\"https:\/\/www.google.com\/url?q=https:\/\/soundcloud.com\/bancointeramericanodesarrollo\/sets\/brasil-caminhos-para-o-turismo&amp;source=gmail&amp;ust=1633254698408000&amp;usg=AFQjCNFNGd9uXqiyY5mWL6UzYgvrNDHkJA\"><strong>Soundcloud<\/strong><\/a>.<\/p>\n<p style=\"text-align: justify;\"><strong>Sobre o BID<\/strong><\/p>\n<p style=\"text-align: justify;\">O Banco Interamericano de Desenvolvimento tem como miss\u00e3o melhorar vidas. Criado em 1959, o BID \u00e9 uma das principais fontes de financiamento de longo prazo para o desenvolvimento econ\u00f4mico, social e institucional da Am\u00e9rica Latina e o Caribe.<\/p>\n","protected":false},"excerpt":{"rendered":"<p>O Banco Interamericano de Desenvolvimento (BID) lan\u00e7a a s\u00e9rie de podcasts\u00a0Caminhos para o Turismo, dedicada a explorar possibilidades e oportunidades de fortalecimento do setor de maneira sustent\u00e1vel num contexto de retomada da economia p\u00f3s pandemia. Dedicada a gestores p\u00fablicos, empres\u00e1rios e profissionais do setor, a s\u00e9rie conta com a participa\u00e7\u00e3o de profissionais que est\u00e3o pensando [&hellip;]<\/p>\n","protected":false},"author":2,"featured_media":164193,"comment_status":"open","ping_status":"open","sticky":false,"template":"","format":"standard","meta":{"_monsterinsights_skip_tracking":false,"_monsterinsights_sitenote_active":false,"_monsterinsights_sitenote_note":"","_monsterinsights_sitenote_category":0},"categories":[15,10],"tags":[],"aioseo_notices":[],"_links":{"self":[{"href":"http:\/\/mspontocom.com.br\/site\/wp-json\/wp\/v2\/posts\/164192"}],"collection":[{"href":"http:\/\/mspontocom.com.br\/site\/wp-json\/wp\/v2\/posts"}],"about":[{"href":"http:\/\/mspontocom.com.br\/site\/wp-json\/wp\/v2\/types\/post"}],"author":[{"embeddable":true,"href":"http:\/\/mspontocom.com.br\/site\/wp-json\/wp\/v2\/users\/2"}],"replies":[{"embeddable":true,"href":"http:\/\/mspontocom.com.br\/site\/wp-json\/wp\/v2\/comments?post=164192"}],"version-history":[{"count":1,"href":"http:\/\/mspontocom.com.br\/site\/wp-json\/wp\/v2\/posts\/164192\/revisions"}],"predecessor-version":[{"id":164194,"href":"http:\/\/mspontocom.com.br\/site\/wp-json\/wp\/v2\/posts\/164192\/revisions\/164194"}],"wp:featuredmedia":[{"embeddable":true,"href":"http:\/\/mspontocom.com.br\/site\/wp-json\/wp\/v2\/media\/164193"}],"wp:attachment":[{"href":"http:\/\/mspontocom.com.br\/site\/wp-json\/wp\/v2\/media?parent=164192"}],"wp:term":[{"taxonomy":"category","embeddable":true,"href":"http:\/\/mspontocom.com.br\/site\/wp-json\/wp\/v2\/categories?post=164192"},{"taxonomy":"post_tag","embeddable":true,"href":"http:\/\/mspontocom.com.br\/site\/wp-json\/wp\/v2\/tags?post=164192"}],"curies":[{"name":"wp","href":"https:\/\/api.w.org\/{rel}","templated":true}]}}