{"id":164235,"date":"2021-10-04T12:58:57","date_gmt":"2021-10-04T16:58:57","guid":{"rendered":"https:\/\/mspontocom.com.br\/site\/?p=164235"},"modified":"2021-10-04T09:54:59","modified_gmt":"2021-10-04T13:54:59","slug":"campo-grande-e-a-6a-capital-em-geracao-de-empregos-aponta-ministerio","status":"publish","type":"post","link":"http:\/\/mspontocom.com.br\/site\/campo-grande-e-a-6a-capital-em-geracao-de-empregos-aponta-ministerio\/","title":{"rendered":"Campo Grande \u00e9 a 6\u00aa capital em gera\u00e7\u00e3o de empregos, aponta Minist\u00e9rio"},"content":{"rendered":"<div dir=\"auto\" style=\"text-align: justify;\"><img loading=\"lazy\" class=\"alignnone size-full wp-image-164249\" src=\"https:\/\/mspontocom.com.br\/site\/wp-content\/uploads\/2021\/10\/site-campo-grande-e-a-6a-capital-em-geracao-de-empregos-aponta-ministerio-carteira-de-trabalho-868x644.jpg\" alt=\"\" width=\"868\" height=\"644\" srcset=\"http:\/\/mspontocom.com.br\/site\/wp-content\/uploads\/2021\/10\/site-campo-grande-e-a-6a-capital-em-geracao-de-empregos-aponta-ministerio-carteira-de-trabalho-868x644.jpg 868w, http:\/\/mspontocom.com.br\/site\/wp-content\/uploads\/2021\/10\/site-campo-grande-e-a-6a-capital-em-geracao-de-empregos-aponta-ministerio-carteira-de-trabalho-868x644-260x193.jpg 260w, http:\/\/mspontocom.com.br\/site\/wp-content\/uploads\/2021\/10\/site-campo-grande-e-a-6a-capital-em-geracao-de-empregos-aponta-ministerio-carteira-de-trabalho-868x644-768x570.jpg 768w\" sizes=\"(max-width: 868px) 100vw, 868px\" \/>Dados do Cadastro Geral de Empregados e Desempregados <strong>(Caged)<\/strong>, divulgados pelo <strong>Minist\u00e9rio do Trabalho<\/strong> no \u00faltimo dia 29, mostram que Campo Grande ocupa o <strong>6\u00ba lugar entre as Capitais<\/strong> do pa\u00eds que mais criaram novos postos de trabalho.<\/div>\n<div dir=\"auto\" style=\"text-align: justify;\"><\/div>\n<div dir=\"auto\" style=\"text-align: justify;\">De janeiro de 2021 at\u00e9 agosto foram mais de 11 mil, registrando mais contrata\u00e7\u00f5es do que demiss\u00f5es e percentual de varia\u00e7\u00e3o de 5,84%.<\/div>\n<div dir=\"auto\" style=\"text-align: justify;\"><\/div>\n<div dir=\"auto\" style=\"text-align: justify;\">O levantamento tamb\u00e9m apontou que\u00a0 todos os setores econ\u00f4micos apresentaram saldo positivo, s\u00e3o 11.531 novos postos de trabalho formal, do total de 197.586 do estoque de refer\u00eancia RAIS\/2020.<\/div>\n<div dir=\"auto\" style=\"text-align: justify;\"><\/div>\n<div dir=\"auto\" style=\"text-align: justify;\">No \u00edndice referente ao m\u00eas de agosto desse ano, Campo Grande gerou 9.623 admiss\u00f5es, apresentando saldo positivo de 1.195 postos de trabalho.<\/div>\n<div dir=\"auto\" style=\"text-align: justify;\"><\/div>\n<div dir=\"auto\" style=\"text-align: justify;\"><strong>O setor econ\u00f4mico que mais gerou empregos continua sendo o de Servi\u00e7os com 681 postos. <\/strong><\/div>\n<div dir=\"auto\" style=\"text-align: justify;\"><\/div>\n<div dir=\"auto\" style=\"text-align: justify;\">No comparativo do \u00faltimo trimestre (junho a agosto), o setor de Servi\u00e7os apresentou um crescimento de quase 50% na gera\u00e7\u00e3o de emprego.<\/div>\n<div dir=\"auto\" style=\"text-align: justify;\"><\/div>\n<div dir=\"auto\" style=\"text-align: justify;\"><\/div>\n","protected":false},"excerpt":{"rendered":"<p>Dados do Cadastro Geral de Empregados e Desempregados (Caged), divulgados pelo Minist\u00e9rio do Trabalho no \u00faltimo dia 29, mostram que Campo Grande ocupa o 6\u00ba lugar entre as Capitais do pa\u00eds que mais criaram novos postos de trabalho. De janeiro de 2021 at\u00e9 agosto foram mais de 11 mil, registrando mais contrata\u00e7\u00f5es do que demiss\u00f5es [&hellip;]<\/p>\n","protected":false},"author":2,"featured_media":164249,"comment_status":"open","ping_status":"open","sticky":false,"template":"","format":"standard","meta":{"_monsterinsights_skip_tracking":false,"_monsterinsights_sitenote_active":false,"_monsterinsights_sitenote_note":"","_monsterinsights_sitenote_category":0},"categories":[15],"tags":[],"aioseo_notices":[],"_links":{"self":[{"href":"http:\/\/mspontocom.com.br\/site\/wp-json\/wp\/v2\/posts\/164235"}],"collection":[{"href":"http:\/\/mspontocom.com.br\/site\/wp-json\/wp\/v2\/posts"}],"about":[{"href":"http:\/\/mspontocom.com.br\/site\/wp-json\/wp\/v2\/types\/post"}],"author":[{"embeddable":true,"href":"http:\/\/mspontocom.com.br\/site\/wp-json\/wp\/v2\/users\/2"}],"replies":[{"embeddable":true,"href":"http:\/\/mspontocom.com.br\/site\/wp-json\/wp\/v2\/comments?post=164235"}],"version-history":[{"count":2,"href":"http:\/\/mspontocom.com.br\/site\/wp-json\/wp\/v2\/posts\/164235\/revisions"}],"predecessor-version":[{"id":164250,"href":"http:\/\/mspontocom.com.br\/site\/wp-json\/wp\/v2\/posts\/164235\/revisions\/164250"}],"wp:featuredmedia":[{"embeddable":true,"href":"http:\/\/mspontocom.com.br\/site\/wp-json\/wp\/v2\/media\/164249"}],"wp:attachment":[{"href":"http:\/\/mspontocom.com.br\/site\/wp-json\/wp\/v2\/media?parent=164235"}],"wp:term":[{"taxonomy":"category","embeddable":true,"href":"http:\/\/mspontocom.com.br\/site\/wp-json\/wp\/v2\/categories?post=164235"},{"taxonomy":"post_tag","embeddable":true,"href":"http:\/\/mspontocom.com.br\/site\/wp-json\/wp\/v2\/tags?post=164235"}],"curies":[{"name":"wp","href":"https:\/\/api.w.org\/{rel}","templated":true}]}}