{"id":164303,"date":"2021-10-06T08:33:19","date_gmt":"2021-10-06T12:33:19","guid":{"rendered":"https:\/\/mspontocom.com.br\/site\/?p=164303"},"modified":"2021-10-06T08:33:19","modified_gmt":"2021-10-06T12:33:19","slug":"carne-carbono-neutro-sera-tema-de-palestra-no-festival-da-carne-de-ms","status":"publish","type":"post","link":"http:\/\/mspontocom.com.br\/site\/carne-carbono-neutro-sera-tema-de-palestra-no-festival-da-carne-de-ms\/","title":{"rendered":"Carne Carbono Neutro ser\u00e1 tema de palestra no Festival da Carne de MS"},"content":{"rendered":"<p style=\"text-align: justify;\"><img loading=\"lazy\" class=\"alignnone size-full wp-image-164311\" src=\"https:\/\/mspontocom.com.br\/site\/wp-content\/uploads\/2021\/10\/site-carne-carbono-neutro-sera-tema-de-palestra-no-festival-da-carne-de-ms-carne-carbono-neutro-o-que-e-como-deve-ser-produzida.jpg\" alt=\"\" width=\"770\" height=\"400\" srcset=\"http:\/\/mspontocom.com.br\/site\/wp-content\/uploads\/2021\/10\/site-carne-carbono-neutro-sera-tema-de-palestra-no-festival-da-carne-de-ms-carne-carbono-neutro-o-que-e-como-deve-ser-produzida.jpg 770w, http:\/\/mspontocom.com.br\/site\/wp-content\/uploads\/2021\/10\/site-carne-carbono-neutro-sera-tema-de-palestra-no-festival-da-carne-de-ms-carne-carbono-neutro-o-que-e-como-deve-ser-produzida-260x135.jpg 260w, http:\/\/mspontocom.com.br\/site\/wp-content\/uploads\/2021\/10\/site-carne-carbono-neutro-sera-tema-de-palestra-no-festival-da-carne-de-ms-carne-carbono-neutro-o-que-e-como-deve-ser-produzida-768x399.jpg 768w\" sizes=\"(max-width: 770px) 100vw, 770px\" \/>A Embrapa Gado de Corte tem um estudo que busca a sustentabilidade ambiental por meio do sistema Lavoura-Pecu\u00e1ria-Floresta e Lavoura-Pecu\u00e1ria.<\/p>\n<p style=\"text-align: justify;\">Desde 2012, o pesquisador da Embrapa Gado de Corte, Roberto Giolo, juntamente com o Marfrig, busca formas de mitigar os gases.<\/p>\n<p style=\"text-align: justify;\">Dia 9 de outubro, \u00e0s 11 horas, durante o Festival da Carne do Mato Grosso do Sul, que acontece na Esplanada Ferrovi\u00e1ria, Giolo vai apresentar o resultado das pesquisas que geraram as marcas Carne Carbono Neutro (CCN) e Carne Baixo Carbono (CBC).<\/p>\n<p style=\"text-align: justify;\">O palestrante \u00e9 agr\u00f4nomo e desde 2007 \u00e9 pesquisador da Embrapa Gado de Corte, atuando no grupo de pesquisa em sistemas de produ\u00e7\u00e3o sustent\u00e1veis e cadeias produtivas da pecu\u00e1ria de corte. Desde 2018 faz parte do corpo docente permanente do Programa de P\u00f3s-gradua\u00e7\u00e3o em Zootecnia da Universidade Estadual do Mato Grosso do Sul.<\/p>\n<p style=\"text-align: justify;\">A expectativa da realizadora do Festival da Carne de MS, M\u00e1rcia Marinho,\u00a0 \u00e9 reunir 700 pessoas por dia, entre criadores, produtores rurais, consultores, empres\u00e1rios, consumidores e p\u00fablico em geral.<\/p>\n<p style=\"text-align: justify;\">Durante o festival, os visitantes poder\u00e3o comprar alimentos e bebidas no local. Reunindo setores da produ\u00e7\u00e3o e reprodu\u00e7\u00e3o animal, a organiza\u00e7\u00e3o destaca que seguir\u00e1 todos os protocolos de biosseguran\u00e7a.<\/p>\n<p style=\"text-align: justify;\">Informa\u00e7\u00f5es:\u00a0<a href=\"http:\/\/festivaldacarnedoms.com.br\/\" target=\"_blank\" rel=\"noopener\" data-saferedirecturl=\"https:\/\/www.google.com\/url?q=http:\/\/festivaldacarnedoms.com.br\/&amp;source=gmail&amp;ust=1633598965039000&amp;usg=AFQjCNGoUFdBcxAQtddhj-hF2fii_8BgVg\">festivaldacarnedoms.com.br<\/a>, siga\u00a0<a href=\"https:\/\/www.instagram.com\/festivaldacarnedoms\/\" target=\"_blank\" rel=\"noopener\" data-saferedirecturl=\"https:\/\/www.google.com\/url?q=https:\/\/www.instagram.com\/festivaldacarnedoms\/&amp;source=gmail&amp;ust=1633598965039000&amp;usg=AFQjCNHbuix8UMf0Nvs8eokaijCN7F3usA\">@festivaldacarnedoms<\/a>\u00a0ou entre em contato pelo telefone (67) 9 9640-1249 (M\u00e1rcia Marinho).<\/p>\n","protected":false},"excerpt":{"rendered":"<p>A Embrapa Gado de Corte tem um estudo que busca a sustentabilidade ambiental por meio do sistema Lavoura-Pecu\u00e1ria-Floresta e Lavoura-Pecu\u00e1ria. Desde 2012, o pesquisador da Embrapa Gado de Corte, Roberto Giolo, juntamente com o Marfrig, busca formas de mitigar os gases. Dia 9 de outubro, \u00e0s 11 horas, durante o Festival da Carne do Mato [&hellip;]<\/p>\n","protected":false},"author":2,"featured_media":164311,"comment_status":"open","ping_status":"open","sticky":false,"template":"","format":"standard","meta":{"_monsterinsights_skip_tracking":false,"_monsterinsights_sitenote_active":false,"_monsterinsights_sitenote_note":"","_monsterinsights_sitenote_category":0},"categories":[74],"tags":[],"aioseo_notices":[],"_links":{"self":[{"href":"http:\/\/mspontocom.com.br\/site\/wp-json\/wp\/v2\/posts\/164303"}],"collection":[{"href":"http:\/\/mspontocom.com.br\/site\/wp-json\/wp\/v2\/posts"}],"about":[{"href":"http:\/\/mspontocom.com.br\/site\/wp-json\/wp\/v2\/types\/post"}],"author":[{"embeddable":true,"href":"http:\/\/mspontocom.com.br\/site\/wp-json\/wp\/v2\/users\/2"}],"replies":[{"embeddable":true,"href":"http:\/\/mspontocom.com.br\/site\/wp-json\/wp\/v2\/comments?post=164303"}],"version-history":[{"count":2,"href":"http:\/\/mspontocom.com.br\/site\/wp-json\/wp\/v2\/posts\/164303\/revisions"}],"predecessor-version":[{"id":164312,"href":"http:\/\/mspontocom.com.br\/site\/wp-json\/wp\/v2\/posts\/164303\/revisions\/164312"}],"wp:featuredmedia":[{"embeddable":true,"href":"http:\/\/mspontocom.com.br\/site\/wp-json\/wp\/v2\/media\/164311"}],"wp:attachment":[{"href":"http:\/\/mspontocom.com.br\/site\/wp-json\/wp\/v2\/media?parent=164303"}],"wp:term":[{"taxonomy":"category","embeddable":true,"href":"http:\/\/mspontocom.com.br\/site\/wp-json\/wp\/v2\/categories?post=164303"},{"taxonomy":"post_tag","embeddable":true,"href":"http:\/\/mspontocom.com.br\/site\/wp-json\/wp\/v2\/tags?post=164303"}],"curies":[{"name":"wp","href":"https:\/\/api.w.org\/{rel}","templated":true}]}}