{"id":164313,"date":"2021-10-06T12:54:04","date_gmt":"2021-10-06T16:54:04","guid":{"rendered":"https:\/\/mspontocom.com.br\/site\/?p=164313"},"modified":"2021-10-06T08:41:30","modified_gmt":"2021-10-06T12:41:30","slug":"mp-e-oit-lancam-guia-que-orienta-empresas-a-incluir-pessoas-com-deficiencia-no-mercado-de-trabalho","status":"publish","type":"post","link":"http:\/\/mspontocom.com.br\/site\/mp-e-oit-lancam-guia-que-orienta-empresas-a-incluir-pessoas-com-deficiencia-no-mercado-de-trabalho\/","title":{"rendered":"MP e OIT lan\u00e7am guia que orienta empresas a incluir pessoas com defici\u00eancia no mercado de trabalho"},"content":{"rendered":"<p style=\"text-align: justify;\"><img loading=\"lazy\" class=\"alignnone size-full wp-image-164314\" src=\"https:\/\/mspontocom.com.br\/site\/wp-content\/uploads\/2021\/10\/site-mp-e-oit-lancam-guia-que-orienta-empresas-a-incluir-pessoas-com-deficiencia-no-mercado-de-trabalho-pcd.jpg\" alt=\"\" width=\"600\" height=\"334\" srcset=\"http:\/\/mspontocom.com.br\/site\/wp-content\/uploads\/2021\/10\/site-mp-e-oit-lancam-guia-que-orienta-empresas-a-incluir-pessoas-com-deficiencia-no-mercado-de-trabalho-pcd.jpg 600w, http:\/\/mspontocom.com.br\/site\/wp-content\/uploads\/2021\/10\/site-mp-e-oit-lancam-guia-que-orienta-empresas-a-incluir-pessoas-com-deficiencia-no-mercado-de-trabalho-pcd-260x145.jpg 260w\" sizes=\"(max-width: 600px) 100vw, 600px\" \/><\/p>\n<p style=\"text-align: justify;\">O\u00a0Minist\u00e9rio P\u00fablico do Trabalho (MPT) e a Organiza\u00e7\u00e3o Internacional do Trabalho (OIT), em parceria com o Instituto Amankay, lan\u00e7am o guia \u201c<a href=\"https:\/\/www.ilo.org\/wcmsp5\/groups\/public\/---americas\/---ro-lima\/---ilo-brasilia\/documents\/publication\/wcms_821892.pdf\" target=\"_blank\" rel=\"noopener\" data-saferedirecturl=\"https:\/\/www.google.com\/url?q=https:\/\/www.ilo.org\/wcmsp5\/groups\/public\/---americas\/---ro-lima\/---ilo-brasilia\/documents\/publication\/wcms_821892.pdf&amp;source=gmail&amp;ust=1633598962522000&amp;usg=AFQjCNFIBu0i1-8wsTtPm4wRE_LIcxsiyg\">Incluir: o que \u00e9, como e por que fazer?<\/a>\u2019, com o objetivo de orientar e facilitar o acesso a informa\u00e7\u00f5es confi\u00e1veis e atualizadas que contribuam para ampliar a inser\u00e7\u00e3o no mercado de trabalho formal de pessoas com defici\u00eancia.<\/p>\n<p style=\"text-align: justify;\">O guia \u00e9 voltado para empresas, \u00f3rg\u00e3os p\u00fablicos, sindicatos, pesquisadores(as), institui\u00e7\u00f5es de defesa dos direitos e sociedade civil organizada, incluindo pessoas com e sem defici\u00eancia.<\/p>\n<p style=\"text-align: justify;\">Dividido em 12 blocos de \u00e1gil consulta, o guia tra\u00e7a um amplo panorama da empregabilidade de pessoas com defici\u00eancia no Brasil e apresenta conceitos b\u00e1sicos sobre inclus\u00e3o e PCD, legisla\u00e7\u00e3o nacional e documentos internacionais sobre acessibilidade e direito ao trabalho, al\u00e9m dicas para a empresa implementar comit\u00eas e programas de inclus\u00e3o, conviv\u00eancia e cuidados relacionados \u00e0 COVID-19, visando um retorno seguro ao trabalho<\/p>\n<p style=\"text-align: justify;\">Outra inova\u00e7\u00e3o do guia \u00e9 a usabilidade e a ado\u00e7\u00e3o de padr\u00f5es de acessibilidade digital no material para possibilitar que todas as pessoas tenham o acesso ao conte\u00fado com autonomia.<\/p>\n<p style=\"text-align: justify;\">O guia\u00a0<strong>\u201cIncluir: o que \u00e9, como e por que fazer?\u201d<\/strong>\u00a0est\u00e1 dispon\u00edvel\u00a0<a href=\"https:\/\/www.ilo.org\/brasilia\/publicacoes\/WCMS_821892\/lang--pt\/index.htm\" target=\"_blank\" rel=\"noopener\" data-saferedirecturl=\"https:\/\/www.google.com\/url?q=https:\/\/www.ilo.org\/brasilia\/publicacoes\/WCMS_821892\/lang--pt\/index.htm&amp;source=gmail&amp;ust=1633598962522000&amp;usg=AFQjCNH07HDqV_XXTuHMYPXo6Sfvmj71Ew\">aqui<\/a><a href=\"https:\/\/mpt.mp.br\/pgt\/publicacoes\/manuais\/incluir-o-que-e-como-e-por-que-fazer\/@@display-file\/arquivo_pdf\" target=\"_blank\" rel=\"noopener\" data-saferedirecturl=\"https:\/\/www.google.com\/url?q=https:\/\/mpt.mp.br\/pgt\/publicacoes\/manuais\/incluir-o-que-e-como-e-por-que-fazer\/@@display-file\/arquivo_pdf&amp;source=gmail&amp;ust=1633598962522000&amp;usg=AFQjCNFIhiJk8JRYEaWXOW3FAYlHSTz92Q\">.<\/a><\/p>\n","protected":false},"excerpt":{"rendered":"<p>O\u00a0Minist\u00e9rio P\u00fablico do Trabalho (MPT) e a Organiza\u00e7\u00e3o Internacional do Trabalho (OIT), em parceria com o Instituto Amankay, lan\u00e7am o guia \u201cIncluir: o que \u00e9, como e por que fazer?\u2019, com o objetivo de orientar e facilitar o acesso a informa\u00e7\u00f5es confi\u00e1veis e atualizadas que contribuam para ampliar a inser\u00e7\u00e3o no mercado de trabalho formal [&hellip;]<\/p>\n","protected":false},"author":2,"featured_media":164314,"comment_status":"open","ping_status":"open","sticky":false,"template":"","format":"standard","meta":{"_monsterinsights_skip_tracking":false,"_monsterinsights_sitenote_active":false,"_monsterinsights_sitenote_note":"","_monsterinsights_sitenote_category":0},"categories":[15],"tags":[],"aioseo_notices":[],"_links":{"self":[{"href":"http:\/\/mspontocom.com.br\/site\/wp-json\/wp\/v2\/posts\/164313"}],"collection":[{"href":"http:\/\/mspontocom.com.br\/site\/wp-json\/wp\/v2\/posts"}],"about":[{"href":"http:\/\/mspontocom.com.br\/site\/wp-json\/wp\/v2\/types\/post"}],"author":[{"embeddable":true,"href":"http:\/\/mspontocom.com.br\/site\/wp-json\/wp\/v2\/users\/2"}],"replies":[{"embeddable":true,"href":"http:\/\/mspontocom.com.br\/site\/wp-json\/wp\/v2\/comments?post=164313"}],"version-history":[{"count":1,"href":"http:\/\/mspontocom.com.br\/site\/wp-json\/wp\/v2\/posts\/164313\/revisions"}],"predecessor-version":[{"id":164315,"href":"http:\/\/mspontocom.com.br\/site\/wp-json\/wp\/v2\/posts\/164313\/revisions\/164315"}],"wp:featuredmedia":[{"embeddable":true,"href":"http:\/\/mspontocom.com.br\/site\/wp-json\/wp\/v2\/media\/164314"}],"wp:attachment":[{"href":"http:\/\/mspontocom.com.br\/site\/wp-json\/wp\/v2\/media?parent=164313"}],"wp:term":[{"taxonomy":"category","embeddable":true,"href":"http:\/\/mspontocom.com.br\/site\/wp-json\/wp\/v2\/categories?post=164313"},{"taxonomy":"post_tag","embeddable":true,"href":"http:\/\/mspontocom.com.br\/site\/wp-json\/wp\/v2\/tags?post=164313"}],"curies":[{"name":"wp","href":"https:\/\/api.w.org\/{rel}","templated":true}]}}