{"id":164736,"date":"2021-10-22T09:10:55","date_gmt":"2021-10-22T13:10:55","guid":{"rendered":"https:\/\/mspontocom.com.br\/site\/?p=164736"},"modified":"2021-10-22T09:10:55","modified_gmt":"2021-10-22T13:10:55","slug":"feira-do-empreendedor-digital-2021-inscricoes-gratuitas-abertas","status":"publish","type":"post","link":"http:\/\/mspontocom.com.br\/site\/feira-do-empreendedor-digital-2021-inscricoes-gratuitas-abertas\/","title":{"rendered":"Feira do Empreendedor Digital 2021. Inscri\u00e7\u00f5es gratuitas abertas"},"content":{"rendered":"<p style=\"text-align: justify;\"><img loading=\"lazy\" class=\"alignnone size-full wp-image-164737\" src=\"https:\/\/mspontocom.com.br\/site\/wp-content\/uploads\/2021\/10\/site-feira-do-empreendedor-digital-2021-inscricoes-gratuitas-abertas-feira-e1634908194753.jpg\" alt=\"\" width=\"1260\" height=\"795\" srcset=\"http:\/\/mspontocom.com.br\/site\/wp-content\/uploads\/2021\/10\/site-feira-do-empreendedor-digital-2021-inscricoes-gratuitas-abertas-feira-e1634908194753.jpg 1260w, http:\/\/mspontocom.com.br\/site\/wp-content\/uploads\/2021\/10\/site-feira-do-empreendedor-digital-2021-inscricoes-gratuitas-abertas-feira-e1634908194753-260x164.jpg 260w, http:\/\/mspontocom.com.br\/site\/wp-content\/uploads\/2021\/10\/site-feira-do-empreendedor-digital-2021-inscricoes-gratuitas-abertas-feira-e1634908194753-768x485.jpg 768w, http:\/\/mspontocom.com.br\/site\/wp-content\/uploads\/2021\/10\/site-feira-do-empreendedor-digital-2021-inscricoes-gratuitas-abertas-feira-e1634908194753-1024x646.jpg 1024w\" sizes=\"(max-width: 1260px) 100vw, 1260px\" \/>A <strong>Feira do Empreendedor Digital 2021<\/strong>, do Sebrae, est\u00e1 com inscri\u00e7\u00f5es abertas.<\/p>\n<p style=\"text-align: justify;\">O maior evento de empreendedorismo do mundo ocorre de 23 a 27 de outubro, das 10h \u00e0s 20h, com uma expectativa de mais de 100 mil visitantes, 580 expositores e centenas de atividades de capacita\u00e7\u00e3o.<\/p>\n<p style=\"text-align: justify;\">Durante os cinco dias uma pequena empresa encontrar\u00e1 uma programa\u00e7\u00e3o diversificada, totalmente <strong>gratuita e on-line.<\/strong><\/p>\n<p style=\"text-align: justify;\">A Feira vai ser realizada na plataforma de realidade virtual <strong>Sebrae Experience,<\/strong> que permite uma navega\u00e7\u00e3o em ambiente 3D<\/p>\n<p style=\"text-align: justify;\">Durante a Feira, haver\u00e1 uma programa\u00e7\u00e3o variada de palestras\u00a0 formando jornadas de conhecimento sobre finan\u00e7as, vendas, atua\u00e7\u00e3o na internet, inser\u00e7\u00e3o no mercado internacional, MEI, entre outros temas<\/p>\n<p style=\"text-align: justify;\">Al\u00e9m disso, ser\u00e3o promovidas <strong>Rodadas de Neg\u00f3cios Virtuais<\/strong>, nas quais empresas ter\u00e3o a oportunidade de negociar diretamente seus produtos e servi\u00e7os.<\/p>\n<p style=\"text-align: justify;\">Nas Rodadas, potenciais compradores e vendedores se re\u00fanem de forma online para fazer transa\u00e7\u00f5es comerciais conforme interesses em comum.<\/p>\n<p style=\"text-align: justify;\">A previs\u00e3o \u00e9 que sejam realizadas cerca de 300 reuni\u00f5es envolvendo 260 participantes.<\/p>\n<p>Outra atra\u00e7\u00e3o da Feira ser\u00e1 a Vitrine, um formato novo para o empreendedor apresentar sua marca, produtos e servi\u00e7os ao p\u00fablico, trocar cart\u00f5es de visita virtuais e j\u00e1 encaminhar negocia\u00e7\u00f5es.<\/p>\n<p><b>Inscri\u00e7\u00f5es<\/b><\/p>\n<p>Para se inscrever na Feira do Empreendedor Digital 2021, basta acessar:\u00a0<a href=\"http:\/\/feiradoempreendedor21.com.br\/\" target=\"_blank\" rel=\"noopener\" data-saferedirecturl=\"https:\/\/www.google.com\/url?q=http:\/\/feiradoempreendedor21.com.br&amp;source=gmail&amp;ust=1634979607736000&amp;usg=AFQjCNFUBPY5QJ0xdHiK4YSSBIRO_QifEw\">feiradoempreendedor21.com.br<\/a>.<\/p>\n","protected":false},"excerpt":{"rendered":"<p>A Feira do Empreendedor Digital 2021, do Sebrae, est\u00e1 com inscri\u00e7\u00f5es abertas. O maior evento de empreendedorismo do mundo ocorre de 23 a 27 de outubro, das 10h \u00e0s 20h, com uma expectativa de mais de 100 mil visitantes, 580 expositores e centenas de atividades de capacita\u00e7\u00e3o. Durante os cinco dias uma pequena empresa encontrar\u00e1 [&hellip;]<\/p>\n","protected":false},"author":2,"featured_media":164737,"comment_status":"open","ping_status":"open","sticky":false,"template":"","format":"standard","meta":{"_monsterinsights_skip_tracking":false,"_monsterinsights_sitenote_active":false,"_monsterinsights_sitenote_note":"","_monsterinsights_sitenote_category":0},"categories":[15],"tags":[],"aioseo_notices":[],"_links":{"self":[{"href":"http:\/\/mspontocom.com.br\/site\/wp-json\/wp\/v2\/posts\/164736"}],"collection":[{"href":"http:\/\/mspontocom.com.br\/site\/wp-json\/wp\/v2\/posts"}],"about":[{"href":"http:\/\/mspontocom.com.br\/site\/wp-json\/wp\/v2\/types\/post"}],"author":[{"embeddable":true,"href":"http:\/\/mspontocom.com.br\/site\/wp-json\/wp\/v2\/users\/2"}],"replies":[{"embeddable":true,"href":"http:\/\/mspontocom.com.br\/site\/wp-json\/wp\/v2\/comments?post=164736"}],"version-history":[{"count":1,"href":"http:\/\/mspontocom.com.br\/site\/wp-json\/wp\/v2\/posts\/164736\/revisions"}],"predecessor-version":[{"id":164738,"href":"http:\/\/mspontocom.com.br\/site\/wp-json\/wp\/v2\/posts\/164736\/revisions\/164738"}],"wp:featuredmedia":[{"embeddable":true,"href":"http:\/\/mspontocom.com.br\/site\/wp-json\/wp\/v2\/media\/164737"}],"wp:attachment":[{"href":"http:\/\/mspontocom.com.br\/site\/wp-json\/wp\/v2\/media?parent=164736"}],"wp:term":[{"taxonomy":"category","embeddable":true,"href":"http:\/\/mspontocom.com.br\/site\/wp-json\/wp\/v2\/categories?post=164736"},{"taxonomy":"post_tag","embeddable":true,"href":"http:\/\/mspontocom.com.br\/site\/wp-json\/wp\/v2\/tags?post=164736"}],"curies":[{"name":"wp","href":"https:\/\/api.w.org\/{rel}","templated":true}]}}