{"id":164795,"date":"2021-10-25T05:30:38","date_gmt":"2021-10-25T09:30:38","guid":{"rendered":"https:\/\/mspontocom.com.br\/site\/?p=164795"},"modified":"2021-10-25T05:30:38","modified_gmt":"2021-10-25T09:30:38","slug":"semana-com-2-009-vagas-de-emprego-em-mato-grosso-do-sul","status":"publish","type":"post","link":"http:\/\/mspontocom.com.br\/site\/semana-com-2-009-vagas-de-emprego-em-mato-grosso-do-sul\/","title":{"rendered":"Semana com 2.009 vagas de emprego em Mato Grosso do Sul"},"content":{"rendered":"<p style=\"text-align: justify;\"><img loading=\"lazy\" class=\"alignnone size-full wp-image-164796\" src=\"https:\/\/mspontocom.com.br\/site\/wp-content\/uploads\/2021\/10\/site-semana-com-2-009-vagas-de-emprego-em-mato-grosso-do-carteira-de-trabalho-868x644.jpg\" alt=\"\" width=\"868\" height=\"644\" srcset=\"http:\/\/mspontocom.com.br\/site\/wp-content\/uploads\/2021\/10\/site-semana-com-2-009-vagas-de-emprego-em-mato-grosso-do-carteira-de-trabalho-868x644.jpg 868w, http:\/\/mspontocom.com.br\/site\/wp-content\/uploads\/2021\/10\/site-semana-com-2-009-vagas-de-emprego-em-mato-grosso-do-carteira-de-trabalho-868x644-260x193.jpg 260w, http:\/\/mspontocom.com.br\/site\/wp-content\/uploads\/2021\/10\/site-semana-com-2-009-vagas-de-emprego-em-mato-grosso-do-carteira-de-trabalho-868x644-768x570.jpg 768w\" sizes=\"(max-width: 868px) 100vw, 868px\" \/>A Funda\u00e7\u00e3o do Trabalho (Funtrab) inicia a semana com 2.009<strong> vagas de emprego<\/strong> dispon\u00edveis para os sul-mato-grossenses que est\u00e3o em busca de uma oportunidade no mercado de trabalho.<\/p>\n<p style=\"text-align: justify;\">A \u00faltima semana de outubro traz oportunidades para diversos perfis e n\u00edveis de escolaridade.<\/p>\n<p style=\"text-align: justify;\">Est\u00e3o na lista, vagas exclusivas para Pessoa com Defici\u00eancia (PcD) e para estudantes em busca de est\u00e1gio.<\/p>\n<p style=\"text-align: justify;\">Em <strong>Campo Grande<\/strong> s\u00e3o 748 ocupa\u00e7\u00f5es dispon\u00edveis, entre elas:\u00a0 motorista de \u00f4nibus rodovi\u00e1rio (30), vendedor interno (61), gar\u00e7om (20), auxiliar de linha de produ\u00e7\u00e3o (34), atendente de lojas (20), auxiliar de cozinha (15), ajudante de carga e descarga de mercadoria &#8211; PcD (16), assistente social &#8211; est\u00e1gio (10), e pedagogia &#8211; est\u00e1gio (10).<\/p>\n<p style=\"text-align: justify;\">Os munic\u00edpios com mais vagas dispon\u00edveis nesta semana s\u00e3o: Caarap\u00f3 (211), Dourados (160), Iguatemi (153), Cassil\u00e2ndia (91), Itaquira\u00ed (70), Costa Rica (54), Sidrol\u00e2ndia (53), Navira\u00ed (52) e Ponta Por\u00e3 (50).<\/p>\n<p style=\"text-align: justify;\">Tamb\u00e9m h\u00e1 oportunidades em Tr\u00eas Lagoas (47), Rio Verde de Mato Grosso (33), Aquidauana (29), Bataguassu (28), Corumb\u00e1 (27), S\u00e3o Gabriel do Oeste (26), Amambai (25), Nova Alvorada do Sul (25), Chapad\u00e3o do Sul (21), Aparecida do Taboado (19), Nova Andradina (17), Maracaju (16), Guia Lopes da Laguna (14), Rio Brilhante (10), Jardim (9), Ivinhema (8), Coxim (6), Ribas do Rio Pardo (3), Bataypor\u00e3 (2) e Eldorado (2).<\/p>\n<p style=\"text-align: justify;\">A Funtrab disponibiliza para os trabalhadores na Capital, Dourados, Corumb\u00e1, Navira\u00ed, Chapad\u00e3o do Sul, Maracaju, Nova Andradina, Parana\u00edba, Ponta Por\u00e3, Sidrol\u00e2ndia, Tr\u00eas Lagoas, o agendamento de atendimento por meio do aplicativo \u201cMS Contrata+\u201d.<\/p>\n<p style=\"text-align: justify;\">A ferramenta permite que o trabalhador agende dia e hora para ser atendido, sem a necessidade de ficar na fila para retirar senha.<\/p>\n<p style=\"text-align: justify;\">Confira\u00a0<strong><a href=\"http:\/\/www.funtrab.ms.gov.br\/lista-de-vagas-em-destaque\/\">aqui<\/a><\/strong>\u00a0o detalhamento das vagas, endere\u00e7os e telefones de cada unidade.<\/p>\n","protected":false},"excerpt":{"rendered":"<p>A Funda\u00e7\u00e3o do Trabalho (Funtrab) inicia a semana com 2.009 vagas de emprego dispon\u00edveis para os sul-mato-grossenses que est\u00e3o em busca de uma oportunidade no mercado de trabalho. A \u00faltima semana de outubro traz oportunidades para diversos perfis e n\u00edveis de escolaridade. Est\u00e3o na lista, vagas exclusivas para Pessoa com Defici\u00eancia (PcD) e para estudantes [&hellip;]<\/p>\n","protected":false},"author":2,"featured_media":164796,"comment_status":"open","ping_status":"open","sticky":false,"template":"","format":"standard","meta":{"_monsterinsights_skip_tracking":false,"_monsterinsights_sitenote_active":false,"_monsterinsights_sitenote_note":"","_monsterinsights_sitenote_category":0},"categories":[74],"tags":[],"aioseo_notices":[],"_links":{"self":[{"href":"http:\/\/mspontocom.com.br\/site\/wp-json\/wp\/v2\/posts\/164795"}],"collection":[{"href":"http:\/\/mspontocom.com.br\/site\/wp-json\/wp\/v2\/posts"}],"about":[{"href":"http:\/\/mspontocom.com.br\/site\/wp-json\/wp\/v2\/types\/post"}],"author":[{"embeddable":true,"href":"http:\/\/mspontocom.com.br\/site\/wp-json\/wp\/v2\/users\/2"}],"replies":[{"embeddable":true,"href":"http:\/\/mspontocom.com.br\/site\/wp-json\/wp\/v2\/comments?post=164795"}],"version-history":[{"count":1,"href":"http:\/\/mspontocom.com.br\/site\/wp-json\/wp\/v2\/posts\/164795\/revisions"}],"predecessor-version":[{"id":164797,"href":"http:\/\/mspontocom.com.br\/site\/wp-json\/wp\/v2\/posts\/164795\/revisions\/164797"}],"wp:featuredmedia":[{"embeddable":true,"href":"http:\/\/mspontocom.com.br\/site\/wp-json\/wp\/v2\/media\/164796"}],"wp:attachment":[{"href":"http:\/\/mspontocom.com.br\/site\/wp-json\/wp\/v2\/media?parent=164795"}],"wp:term":[{"taxonomy":"category","embeddable":true,"href":"http:\/\/mspontocom.com.br\/site\/wp-json\/wp\/v2\/categories?post=164795"},{"taxonomy":"post_tag","embeddable":true,"href":"http:\/\/mspontocom.com.br\/site\/wp-json\/wp\/v2\/tags?post=164795"}],"curies":[{"name":"wp","href":"https:\/\/api.w.org\/{rel}","templated":true}]}}