{"id":164937,"date":"2021-10-29T07:41:27","date_gmt":"2021-10-29T11:41:27","guid":{"rendered":"https:\/\/mspontocom.com.br\/site\/?p=164937"},"modified":"2021-10-29T07:41:27","modified_gmt":"2021-10-29T11:41:27","slug":"mato-grosso-do-sul-busca-status-de-estado-verde-na-cop-26","status":"publish","type":"post","link":"http:\/\/mspontocom.com.br\/site\/mato-grosso-do-sul-busca-status-de-estado-verde-na-cop-26\/","title":{"rendered":"Mato Grosso do Sul busca status de estado verde na COP 26"},"content":{"rendered":"<p style=\"text-align: justify;\"><img loading=\"lazy\" class=\"alignnone size-full wp-image-164938\" src=\"https:\/\/mspontocom.com.br\/site\/wp-content\/uploads\/2021\/10\/site-mato-grosso-do-sul-busca-status-de-estado-verde-na-cop-26-cpo-e1635507625839.jpg\" alt=\"\" width=\"441\" height=\"249\" srcset=\"http:\/\/mspontocom.com.br\/site\/wp-content\/uploads\/2021\/10\/site-mato-grosso-do-sul-busca-status-de-estado-verde-na-cop-26-cpo-e1635507625839.jpg 441w, http:\/\/mspontocom.com.br\/site\/wp-content\/uploads\/2021\/10\/site-mato-grosso-do-sul-busca-status-de-estado-verde-na-cop-26-cpo-e1635507625839-260x147.jpg 260w\" sizes=\"(max-width: 441px) 100vw, 441px\" \/><\/p>\n<p style=\"text-align: justify;\">A poucos dias para a confer\u00eancia mais importante do clima do mundo, a <strong>COP 26<\/strong> \u00a0(26\u00aa Confer\u00eancia das Na\u00e7\u00f5es Unidas para a Mudan\u00e7a do Clima), em Glasgow, na Esc\u00f3cia, o<strong> Mato Grosso do Sul<\/strong> confirmou mais um espa\u00e7o dentro da feira.<\/p>\n<p style=\"text-align: justify;\">Agora, ser\u00e3o dois estandes para expor o Estado dentro do evento, que ir\u00e1 discutir novos compromissos das mudan\u00e7as clim\u00e1ticas.<\/p>\n<p style=\"text-align: justify;\">A COP 26\u00a0\u00a0acontece entre os dias 31 de outubro e 12 de novembro.<\/p>\n<p style=\"text-align: justify;\">&#8220;Fomos convidados para mostrar o projeto do governo de garantir carbono neutro at\u00e9 2030.&#8221;, conta o secret\u00e1rio estadual, Jaime Verruck.<\/p>\n<p style=\"text-align: justify;\">A ministra da Agricultura,<strong> Tereza Cristina<\/strong>, destacou que o Brasil tem a miss\u00e3o de mostrar na COP 26, que cuida e preserva a biodiversidade.<\/p>\n","protected":false},"excerpt":{"rendered":"<p>A poucos dias para a confer\u00eancia mais importante do clima do mundo, a COP 26 \u00a0(26\u00aa Confer\u00eancia das Na\u00e7\u00f5es Unidas para a Mudan\u00e7a do Clima), em Glasgow, na Esc\u00f3cia, o Mato Grosso do Sul confirmou mais um espa\u00e7o dentro da feira. Agora, ser\u00e3o dois estandes para expor o Estado dentro do evento, que ir\u00e1 discutir [&hellip;]<\/p>\n","protected":false},"author":2,"featured_media":164938,"comment_status":"open","ping_status":"open","sticky":false,"template":"","format":"standard","meta":{"_monsterinsights_skip_tracking":false,"_monsterinsights_sitenote_active":false,"_monsterinsights_sitenote_note":"","_monsterinsights_sitenote_category":0},"categories":[74],"tags":[],"aioseo_notices":[],"_links":{"self":[{"href":"http:\/\/mspontocom.com.br\/site\/wp-json\/wp\/v2\/posts\/164937"}],"collection":[{"href":"http:\/\/mspontocom.com.br\/site\/wp-json\/wp\/v2\/posts"}],"about":[{"href":"http:\/\/mspontocom.com.br\/site\/wp-json\/wp\/v2\/types\/post"}],"author":[{"embeddable":true,"href":"http:\/\/mspontocom.com.br\/site\/wp-json\/wp\/v2\/users\/2"}],"replies":[{"embeddable":true,"href":"http:\/\/mspontocom.com.br\/site\/wp-json\/wp\/v2\/comments?post=164937"}],"version-history":[{"count":1,"href":"http:\/\/mspontocom.com.br\/site\/wp-json\/wp\/v2\/posts\/164937\/revisions"}],"predecessor-version":[{"id":164939,"href":"http:\/\/mspontocom.com.br\/site\/wp-json\/wp\/v2\/posts\/164937\/revisions\/164939"}],"wp:featuredmedia":[{"embeddable":true,"href":"http:\/\/mspontocom.com.br\/site\/wp-json\/wp\/v2\/media\/164938"}],"wp:attachment":[{"href":"http:\/\/mspontocom.com.br\/site\/wp-json\/wp\/v2\/media?parent=164937"}],"wp:term":[{"taxonomy":"category","embeddable":true,"href":"http:\/\/mspontocom.com.br\/site\/wp-json\/wp\/v2\/categories?post=164937"},{"taxonomy":"post_tag","embeddable":true,"href":"http:\/\/mspontocom.com.br\/site\/wp-json\/wp\/v2\/tags?post=164937"}],"curies":[{"name":"wp","href":"https:\/\/api.w.org\/{rel}","templated":true}]}}