{"id":164942,"date":"2021-10-30T06:35:17","date_gmt":"2021-10-30T10:35:17","guid":{"rendered":"https:\/\/mspontocom.com.br\/site\/?p=164942"},"modified":"2021-10-30T06:35:17","modified_gmt":"2021-10-30T10:35:17","slug":"esquerda-vai-prejudicar-os-pobres-por-causa-da-eleicao-diz-barros-sobre-pec-dos-precatorios","status":"publish","type":"post","link":"http:\/\/mspontocom.com.br\/site\/esquerda-vai-prejudicar-os-pobres-por-causa-da-eleicao-diz-barros-sobre-pec-dos-precatorios\/","title":{"rendered":"\u2018Esquerda vai prejudicar os pobres por causa da elei\u00e7\u00e3o\u2019, diz Barros sobre PEC dos precat\u00f3rios"},"content":{"rendered":"<p style=\"text-align: justify;\"><img loading=\"lazy\" class=\"alignnone size-full wp-image-164950\" src=\"https:\/\/mspontocom.com.br\/site\/wp-content\/uploads\/2021\/10\/site-esquerda-vai-prejudicar-os-pobres-por-causa-da-eleicao-diz-barros-sobre-pec-dos-precatorios-barros-e1635590051832.jpg\" alt=\"\" width=\"1071\" height=\"711\" srcset=\"http:\/\/mspontocom.com.br\/site\/wp-content\/uploads\/2021\/10\/site-esquerda-vai-prejudicar-os-pobres-por-causa-da-eleicao-diz-barros-sobre-pec-dos-precatorios-barros-e1635590051832.jpg 1071w, http:\/\/mspontocom.com.br\/site\/wp-content\/uploads\/2021\/10\/site-esquerda-vai-prejudicar-os-pobres-por-causa-da-eleicao-diz-barros-sobre-pec-dos-precatorios-barros-e1635590051832-260x173.jpg 260w, http:\/\/mspontocom.com.br\/site\/wp-content\/uploads\/2021\/10\/site-esquerda-vai-prejudicar-os-pobres-por-causa-da-eleicao-diz-barros-sobre-pec-dos-precatorios-barros-e1635590051832-768x510.jpg 768w, http:\/\/mspontocom.com.br\/site\/wp-content\/uploads\/2021\/10\/site-esquerda-vai-prejudicar-os-pobres-por-causa-da-eleicao-diz-barros-sobre-pec-dos-precatorios-barros-e1635590051832-1024x680.jpg 1024w\" sizes=\"(max-width: 1071px) 100vw, 1071px\" \/>O deputado <strong>Ricardo Barros\u00a0<\/strong>afirma que o governo federal n\u00e3o vai pensar em alternativas, al\u00e9m da <strong>PEC dos precat\u00f3rios,<\/strong> para a viabilizar o <strong>Aux\u00edlio Brasil<\/strong>, novo programa social.<\/p>\n<p style=\"text-align: justify;\">Mesmo com as resist\u00eancias dos parlamentares para a vota\u00e7\u00e3o da mat\u00e9ria, o l\u00edder do Executivo na C\u00e2mara diz que novas sa\u00eddas, como um poss\u00edvel\u00a0decreto de calamidade p\u00fablica, n\u00e3o ser\u00e3o consideradas.<\/p>\n<p style=\"text-align: justify;\">Na vis\u00e3o de Barros, n\u00e3o sabe ao governo discutir alternativas para solu\u00e7\u00f5es que j\u00e1 existem. \u201cJ\u00e1 temos a PEC dos precat\u00f3rios.<\/p>\n<p style=\"text-align: justify;\">O l\u00edder do governo reconhece que h\u00e1 uma resist\u00eancia para a aprova\u00e7\u00e3o da Proposta de Emenda Constitucional (PEC) em raz\u00e3o de seus impactos eleitorais.<\/p>\n<p style=\"text-align: justify;\"><strong>\u201cA oposi\u00e7\u00e3o vai fechar contra porque n\u00e3o quer que o presidente Jair Bolsonaro\u00a0socorra os mais pobres, aqueles que foram afetados pela pandemia.\u00a0 \u00c9 uma quest\u00e3o que tem impacto pol\u00edtico e a oposi\u00e7\u00e3o est\u00e1 em uma sinuca, eles t\u00eam que votar contra o Aux\u00edlio Brasil de R$ 400 e ficam inventando desculpas para votar contra a PEC dos precat\u00f3rios. V\u00e3o prejudicar os pobres para tentar ganhar a elei\u00e7\u00f5es\u201d,<\/strong> disse Barros.<\/p>\n","protected":false},"excerpt":{"rendered":"<p>O deputado Ricardo Barros\u00a0afirma que o governo federal n\u00e3o vai pensar em alternativas, al\u00e9m da PEC dos precat\u00f3rios, para a viabilizar o Aux\u00edlio Brasil, novo programa social. Mesmo com as resist\u00eancias dos parlamentares para a vota\u00e7\u00e3o da mat\u00e9ria, o l\u00edder do Executivo na C\u00e2mara diz que novas sa\u00eddas, como um poss\u00edvel\u00a0decreto de calamidade p\u00fablica, n\u00e3o [&hellip;]<\/p>\n","protected":false},"author":2,"featured_media":164950,"comment_status":"open","ping_status":"open","sticky":false,"template":"","format":"standard","meta":{"_monsterinsights_skip_tracking":false,"_monsterinsights_sitenote_active":false,"_monsterinsights_sitenote_note":"","_monsterinsights_sitenote_category":0},"categories":[30260,15,30259,12],"tags":[],"aioseo_notices":[],"_links":{"self":[{"href":"http:\/\/mspontocom.com.br\/site\/wp-json\/wp\/v2\/posts\/164942"}],"collection":[{"href":"http:\/\/mspontocom.com.br\/site\/wp-json\/wp\/v2\/posts"}],"about":[{"href":"http:\/\/mspontocom.com.br\/site\/wp-json\/wp\/v2\/types\/post"}],"author":[{"embeddable":true,"href":"http:\/\/mspontocom.com.br\/site\/wp-json\/wp\/v2\/users\/2"}],"replies":[{"embeddable":true,"href":"http:\/\/mspontocom.com.br\/site\/wp-json\/wp\/v2\/comments?post=164942"}],"version-history":[{"count":2,"href":"http:\/\/mspontocom.com.br\/site\/wp-json\/wp\/v2\/posts\/164942\/revisions"}],"predecessor-version":[{"id":164951,"href":"http:\/\/mspontocom.com.br\/site\/wp-json\/wp\/v2\/posts\/164942\/revisions\/164951"}],"wp:featuredmedia":[{"embeddable":true,"href":"http:\/\/mspontocom.com.br\/site\/wp-json\/wp\/v2\/media\/164950"}],"wp:attachment":[{"href":"http:\/\/mspontocom.com.br\/site\/wp-json\/wp\/v2\/media?parent=164942"}],"wp:term":[{"taxonomy":"category","embeddable":true,"href":"http:\/\/mspontocom.com.br\/site\/wp-json\/wp\/v2\/categories?post=164942"},{"taxonomy":"post_tag","embeddable":true,"href":"http:\/\/mspontocom.com.br\/site\/wp-json\/wp\/v2\/tags?post=164942"}],"curies":[{"name":"wp","href":"https:\/\/api.w.org\/{rel}","templated":true}]}}