{"id":165078,"date":"2021-11-04T12:23:57","date_gmt":"2021-11-04T16:23:57","guid":{"rendered":"https:\/\/mspontocom.com.br\/site\/?p=165078"},"modified":"2021-11-04T09:27:37","modified_gmt":"2021-11-04T13:27:37","slug":"ms-oficializa-plano-para-neutralizar-gases-do-efeito-estufa-ate-2030","status":"publish","type":"post","link":"http:\/\/mspontocom.com.br\/site\/ms-oficializa-plano-para-neutralizar-gases-do-efeito-estufa-ate-2030\/","title":{"rendered":"MS oficializa plano para neutralizar gases do efeito estufa at\u00e9 2030"},"content":{"rendered":"<p style=\"text-align: justify;\"><img loading=\"lazy\" class=\"alignnone size-full wp-image-165091\" src=\"https:\/\/mspontocom.com.br\/site\/wp-content\/uploads\/2021\/11\/site-ms-oficializa-plano-para-neutralizar-gases-do-efeito-estufa-ate-2030-carbono.jpg\" alt=\"\" width=\"300\" height=\"168\" srcset=\"http:\/\/mspontocom.com.br\/site\/wp-content\/uploads\/2021\/11\/site-ms-oficializa-plano-para-neutralizar-gases-do-efeito-estufa-ate-2030-carbono.jpg 300w, http:\/\/mspontocom.com.br\/site\/wp-content\/uploads\/2021\/11\/site-ms-oficializa-plano-para-neutralizar-gases-do-efeito-estufa-ate-2030-carbono-260x146.jpg 260w\" sizes=\"(max-width: 300px) 100vw, 300px\" \/><\/p>\n<p style=\"text-align: justify;\">Mato Grosso do Sul oficializou a meta de neutralizar a emiss\u00e3o dos <strong>gases causadores do efeito estufa<\/strong> at\u00e9 2030, 20 anos antes do prazo previsto pelo <strong>Acordo de Paris<\/strong>: 2050.<\/p>\n<p style=\"text-align: justify;\">Em reuni\u00e3o na Governadoria, o governador Reinaldo Azambuja oficializou o Plano Estadual MS Carbono Neutro (PROCLIMA).<\/p>\n<p style=\"text-align: justify;\">Os documentos ser\u00e3o publicados no Di\u00e1rio Oficial do Estado desta quinta-feira (4).<\/p>\n<p style=\"text-align: justify;\"><strong>PROCLIMA<\/strong><\/p>\n<div class=\"col-12 col-lg-8\" style=\"text-align: justify;\">\n<div id=\"post-376756\" class=\"post-376756 post type-post status-publish format-standard has-post-thumbnail hentry category-meio-ambiente tag-destaque1\">\n<div class=\"entry\">\n<p>De acordo com o PROCLIMA, no prazo de 9 anos, o Governo de Mato Grosso do Sul ir\u00e1 atingir o est\u00e1gio de Estado com Emiss\u00e3o L\u00edquida Zero (ELZ), ou Carbono Neutro, por meio de a\u00e7\u00f5es coordenadas e integradas e na ado\u00e7\u00e3o de medidas contundentes no \u00e2mbito dos seguintes eixos tem\u00e1ticos:<\/p>\n<p>a) Agroneg\u00f3cio: com a\u00e7\u00f5es concentradas no efetivo manejo dos solos, na redu\u00e7\u00e3o dos n\u00edveis de fermenta\u00e7\u00e3o ent\u00e9rica, no manejo de dejetos su\u00ednos e no controle da queima de res\u00edduos agr\u00edcolas;<br \/>\nb) Mudan\u00e7a no Uso da Terra e Florestas: com a ado\u00e7\u00e3o de medidas para a devida restaura\u00e7\u00e3o de \u00c1reas de Preserva\u00e7\u00e3o Permanente (APPs) e Reservas Legais, \u00e0 redu\u00e7\u00e3o dos inc\u00eandios em \u00e1reas nativas e florestas plantadas, \u00e0 redu\u00e7\u00e3o do desmatamento legal ou ilegal, e ao investimento em Floresta Plantada;<br \/>\nc) Energia: com a redu\u00e7\u00e3o das emiss\u00f5es geradas pela queima de combust\u00edveis e ao apoio \u00e0 produ\u00e7\u00e3o de energia renov\u00e1vel;<br \/>\nd) Tratamento de Res\u00edduos: com a\u00e7\u00f5es destinadas \u00e0 promo\u00e7\u00e3o de programas de controle de efluentes l\u00edquidos e s\u00f3lidos;<br \/>\ne) Processos Industriais: referente ao est\u00edmulo a programas de efici\u00eancia energ\u00e9tica e incentivo \u00e0 utiliza\u00e7\u00e3o de energias renov\u00e1veis nos processos de produ\u00e7\u00e3o industriais.<\/p>\n<\/div>\n<\/div>\n<\/div>\n<div class=\"col-12 col-lg-4\">\n<div id=\"sidebarRecentPosts\" class=\"recentNews\">\n<article id=\"post-376682\" class=\"post-376682 post type-post status-publish format-status has-post-thumbnail hentry category-esporte post_format-post-format-status\">\n<p style=\"text-align: justify;\">\n<\/article>\n<\/div>\n<\/div>\n","protected":false},"excerpt":{"rendered":"<p>Mato Grosso do Sul oficializou a meta de neutralizar a emiss\u00e3o dos gases causadores do efeito estufa at\u00e9 2030, 20 anos antes do prazo previsto pelo Acordo de Paris: 2050. Em reuni\u00e3o na Governadoria, o governador Reinaldo Azambuja oficializou o Plano Estadual MS Carbono Neutro (PROCLIMA). Os documentos ser\u00e3o publicados no Di\u00e1rio Oficial do Estado [&hellip;]<\/p>\n","protected":false},"author":2,"featured_media":165091,"comment_status":"open","ping_status":"open","sticky":false,"template":"","format":"standard","meta":{"_monsterinsights_skip_tracking":false,"_monsterinsights_sitenote_active":false,"_monsterinsights_sitenote_note":"","_monsterinsights_sitenote_category":0},"categories":[74],"tags":[],"aioseo_notices":[],"_links":{"self":[{"href":"http:\/\/mspontocom.com.br\/site\/wp-json\/wp\/v2\/posts\/165078"}],"collection":[{"href":"http:\/\/mspontocom.com.br\/site\/wp-json\/wp\/v2\/posts"}],"about":[{"href":"http:\/\/mspontocom.com.br\/site\/wp-json\/wp\/v2\/types\/post"}],"author":[{"embeddable":true,"href":"http:\/\/mspontocom.com.br\/site\/wp-json\/wp\/v2\/users\/2"}],"replies":[{"embeddable":true,"href":"http:\/\/mspontocom.com.br\/site\/wp-json\/wp\/v2\/comments?post=165078"}],"version-history":[{"count":2,"href":"http:\/\/mspontocom.com.br\/site\/wp-json\/wp\/v2\/posts\/165078\/revisions"}],"predecessor-version":[{"id":165092,"href":"http:\/\/mspontocom.com.br\/site\/wp-json\/wp\/v2\/posts\/165078\/revisions\/165092"}],"wp:featuredmedia":[{"embeddable":true,"href":"http:\/\/mspontocom.com.br\/site\/wp-json\/wp\/v2\/media\/165091"}],"wp:attachment":[{"href":"http:\/\/mspontocom.com.br\/site\/wp-json\/wp\/v2\/media?parent=165078"}],"wp:term":[{"taxonomy":"category","embeddable":true,"href":"http:\/\/mspontocom.com.br\/site\/wp-json\/wp\/v2\/categories?post=165078"},{"taxonomy":"post_tag","embeddable":true,"href":"http:\/\/mspontocom.com.br\/site\/wp-json\/wp\/v2\/tags?post=165078"}],"curies":[{"name":"wp","href":"https:\/\/api.w.org\/{rel}","templated":true}]}}