{"id":165161,"date":"2021-11-07T06:53:12","date_gmt":"2021-11-07T10:53:12","guid":{"rendered":"https:\/\/mspontocom.com.br\/site\/?p=165161"},"modified":"2021-11-07T06:53:12","modified_gmt":"2021-11-07T10:53:12","slug":"governo-ms-esta-com-inscricoes-abertas-para-concursos-da-policia-civil-educacao-e-sanesul","status":"publish","type":"post","link":"http:\/\/mspontocom.com.br\/site\/governo-ms-esta-com-inscricoes-abertas-para-concursos-da-policia-civil-educacao-e-sanesul\/","title":{"rendered":"Governo MS est\u00e1 com inscri\u00e7\u00f5es abertas para concursos da Pol\u00edcia Civil, Educa\u00e7\u00e3o e Sanesul"},"content":{"rendered":"<p style=\"text-align: justify;\"><img loading=\"lazy\" class=\"alignnone size-full wp-image-165162\" src=\"https:\/\/mspontocom.com.br\/site\/wp-content\/uploads\/2021\/11\/site-governo-ms-esta-com-inscricoes-abertas-para-concursos-da-policia-civil-educacao-e-sanesul-concurso.jpg\" alt=\"\" width=\"800\" height=\"445\" srcset=\"http:\/\/mspontocom.com.br\/site\/wp-content\/uploads\/2021\/11\/site-governo-ms-esta-com-inscricoes-abertas-para-concursos-da-policia-civil-educacao-e-sanesul-concurso.jpg 800w, http:\/\/mspontocom.com.br\/site\/wp-content\/uploads\/2021\/11\/site-governo-ms-esta-com-inscricoes-abertas-para-concursos-da-policia-civil-educacao-e-sanesul-concurso-260x145.jpg 260w, http:\/\/mspontocom.com.br\/site\/wp-content\/uploads\/2021\/11\/site-governo-ms-esta-com-inscricoes-abertas-para-concursos-da-policia-civil-educacao-e-sanesul-concurso-768x427.jpg 768w\" sizes=\"(max-width: 800px) 100vw, 800px\" \/>Em Mato Grosso do Sul, Pol\u00edcia Civil, Secretaria de Estado de Educa\u00e7\u00e3o e Sanesul est\u00e3o com inscri\u00e7\u00f5es abertas.<\/p>\n<p style=\"text-align: justify;\">E os interessados devem ficar atentos \u00e0s datas porque os prazos se encerram ainda em novembro, sendo que amanh\u00e3 (8) \u00e9 o \u00faltimo dia para os interessados no processo seletivo para professor tempor\u00e1rio.<\/p>\n<p style=\"text-align: justify;\"><b>Pol\u00edcia Civil<\/b><\/p>\n<p style=\"text-align: justify;\">Para a Pol\u00edcia Civil, s\u00e3o 236 vagas: 42 para perito papiloscopista, 36 para agente de Pol\u00edcia Cient\u00edfica, 75 para perito oficial forense (perito criminal), 53 para perito oficial forense (perito m\u00e9dico-legista) e 30 para delegado de pol\u00edcia.<\/p>\n<p style=\"text-align: justify;\">As inscri\u00e7\u00f5es s\u00e3o realizadas exclusivamente via internet, pelo endere\u00e7o\u00a0<a href=\"http:\/\/www.concurso.fapec.org\/\">www.concurso.fapec.org<\/a>, at\u00e9 18 de novembro de 2021. O valor da taxa \u00e9 de R$ 340,48.<\/p>\n<p style=\"text-align: justify;\">E a remunera\u00e7\u00e3o para os cargos de agente de Pol\u00edcia Cient\u00edfica e perito papiloscopista \u00e9 de R$ 4.527,80. Para as vagas de perito oficial forense (perito criminal e perito m\u00e9dico legista), a remunera\u00e7\u00e3o corresponde a R$ 7.377,66 e, para delegado de pol\u00edcia, R$ 17.014,18.<\/p>\n<p style=\"text-align: justify;\">A prova escrita para as fun\u00e7\u00f5es de delegado de pol\u00edcia e perito oficial forense ser\u00e3o no dia 4 de dezembro, no per\u00edodo vespertino. J\u00e1 a prova escrita objetiva para as fun\u00e7\u00f5es de agente de Pol\u00edcia Cient\u00edfica e perito papiloscopista ser\u00e1 no dia 12 de dezembro, nos per\u00edodos vespertino e matutino, respectivamente.<\/p>\n<p style=\"text-align: justify;\"><strong>Educa\u00e7\u00e3o<\/strong><\/p>\n<p style=\"text-align: justify;\">J\u00e1 a SED (Secretaria de Estado de Educa\u00e7\u00e3o) abriu um processo seletivo simplificado para a forma\u00e7\u00e3o do banco reserva para a contrata\u00e7\u00e3o de professores tempor\u00e1rios que atuar\u00e3o nas unidades da Rede Estadual de Ensino (REE) a partir de 2022. O per\u00edodo de inscri\u00e7\u00f5es termina na segunda-feira (8).<\/p>\n<p style=\"text-align: justify;\">Interessados devem preencher o formul\u00e1rio dispon\u00edvel somente pela internet, diretamente no site da Fapec (Funda\u00e7\u00e3o de Apoio \u00e0 Pesquisa, ao Ensino e \u00e0 Cultura):\u00a0<a href=\"https:\/\/concurso.fapec.org\/\">https:\/\/concurso.fapec.org<\/a>.<\/p>\n<p style=\"text-align: justify;\"><strong>Sanesul<\/strong><\/p>\n<p style=\"text-align: justify;\">J\u00e1 a Sanesul (Empresa de Saneamento de Mato Grosso do Sul) abriu concurso para 74 vagas e cadastro de reserva. Foram abertas oportunidades para as \u00e1reas de agente em saneamento, assistente administrativo, t\u00e9cnico em agrimensura, t\u00e9cnico em an\u00e1lise e tratamento, t\u00e9cnico em automa\u00e7\u00e3o, t\u00e9cnico em edifica\u00e7\u00f5es, t\u00e9cnico em enfermagem do trabalho e t\u00e9cnico em manuten\u00e7\u00e3o eletromec\u00e2nica.<\/p>\n<p style=\"text-align: justify;\">A lista n\u00e3o para por a\u00ed. Tem vaga ainda para t\u00e9cnico em recursos humanos, t\u00e9cnico em seguran\u00e7a do trabalho, t\u00e9cnico em tecnologia da informa\u00e7\u00e3o, administrador, advogado, analista de tecnologia da informa\u00e7\u00e3o, bi\u00f3logo, contador, economista, engenheiro civil, engenheiro eletricista, engenheiro mec\u00e2nico, engenheiro sanitarista ambiental, jornalista, m\u00e9dico do trabalho, psic\u00f3logo, qu\u00edmico e tecn\u00f3logo em saneamento ambiental.<\/p>\n<p style=\"text-align: justify;\">Os sal\u00e1rios variam conforme o cargo e as inscri\u00e7\u00f5es v\u00e3o at\u00e9 \u00e0s 23h59 de quinta-feira (11), observado hor\u00e1rio oficial de Bras\u00edlia (DF), por meio do endere\u00e7o eletr\u00f4nico\u00a0<a href=\"http:\/\/www.institutoaocp.org.br\/\">www.institutoaocp.org.br<\/a>. O valor da inscri\u00e7\u00e3o \u00e9 de R$ 80 (n\u00edveis m\u00e9dio e t\u00e9cnico) e R$ 100 (superior). A data da prova objetiva \u00e9 19 de dezembro.<\/p>\n<p style=\"text-align: justify;\">\n","protected":false},"excerpt":{"rendered":"<p>Em Mato Grosso do Sul, Pol\u00edcia Civil, Secretaria de Estado de Educa\u00e7\u00e3o e Sanesul est\u00e3o com inscri\u00e7\u00f5es abertas. E os interessados devem ficar atentos \u00e0s datas porque os prazos se encerram ainda em novembro, sendo que amanh\u00e3 (8) \u00e9 o \u00faltimo dia para os interessados no processo seletivo para professor tempor\u00e1rio. Pol\u00edcia Civil Para a [&hellip;]<\/p>\n","protected":false},"author":2,"featured_media":165162,"comment_status":"open","ping_status":"open","sticky":false,"template":"","format":"standard","meta":{"_monsterinsights_skip_tracking":false,"_monsterinsights_sitenote_active":false,"_monsterinsights_sitenote_note":"","_monsterinsights_sitenote_category":0},"categories":[74],"tags":[],"aioseo_notices":[],"_links":{"self":[{"href":"http:\/\/mspontocom.com.br\/site\/wp-json\/wp\/v2\/posts\/165161"}],"collection":[{"href":"http:\/\/mspontocom.com.br\/site\/wp-json\/wp\/v2\/posts"}],"about":[{"href":"http:\/\/mspontocom.com.br\/site\/wp-json\/wp\/v2\/types\/post"}],"author":[{"embeddable":true,"href":"http:\/\/mspontocom.com.br\/site\/wp-json\/wp\/v2\/users\/2"}],"replies":[{"embeddable":true,"href":"http:\/\/mspontocom.com.br\/site\/wp-json\/wp\/v2\/comments?post=165161"}],"version-history":[{"count":1,"href":"http:\/\/mspontocom.com.br\/site\/wp-json\/wp\/v2\/posts\/165161\/revisions"}],"predecessor-version":[{"id":165163,"href":"http:\/\/mspontocom.com.br\/site\/wp-json\/wp\/v2\/posts\/165161\/revisions\/165163"}],"wp:featuredmedia":[{"embeddable":true,"href":"http:\/\/mspontocom.com.br\/site\/wp-json\/wp\/v2\/media\/165162"}],"wp:attachment":[{"href":"http:\/\/mspontocom.com.br\/site\/wp-json\/wp\/v2\/media?parent=165161"}],"wp:term":[{"taxonomy":"category","embeddable":true,"href":"http:\/\/mspontocom.com.br\/site\/wp-json\/wp\/v2\/categories?post=165161"},{"taxonomy":"post_tag","embeddable":true,"href":"http:\/\/mspontocom.com.br\/site\/wp-json\/wp\/v2\/tags?post=165161"}],"curies":[{"name":"wp","href":"https:\/\/api.w.org\/{rel}","templated":true}]}}