{"id":165283,"date":"2021-11-13T08:50:11","date_gmt":"2021-11-13T12:50:11","guid":{"rendered":"https:\/\/mspontocom.com.br\/site\/?p=165283"},"modified":"2021-11-13T08:50:11","modified_gmt":"2021-11-13T12:50:11","slug":"ifms-ofertara-curso-de-qualificacao-profissional-de-empreendedorismo","status":"publish","type":"post","link":"http:\/\/mspontocom.com.br\/site\/ifms-ofertara-curso-de-qualificacao-profissional-de-empreendedorismo\/","title":{"rendered":"IFMS ofertar\u00e1 curso de qualifica\u00e7\u00e3o profissional de empreendedorismo"},"content":{"rendered":"<p style=\"text-align: justify;\"><img loading=\"lazy\" class=\"alignnone size-full wp-image-165328\" src=\"https:\/\/mspontocom.com.br\/site\/wp-content\/uploads\/2021\/11\/site-ifms-ofertara-curso-de-qualificacao-profissional-voltado-ao-empreendedorismo-ifms-fachada.jpg\" alt=\"\" width=\"940\" height=\"500\" srcset=\"http:\/\/mspontocom.com.br\/site\/wp-content\/uploads\/2021\/11\/site-ifms-ofertara-curso-de-qualificacao-profissional-voltado-ao-empreendedorismo-ifms-fachada.jpg 940w, http:\/\/mspontocom.com.br\/site\/wp-content\/uploads\/2021\/11\/site-ifms-ofertara-curso-de-qualificacao-profissional-voltado-ao-empreendedorismo-ifms-fachada-260x138.jpg 260w, http:\/\/mspontocom.com.br\/site\/wp-content\/uploads\/2021\/11\/site-ifms-ofertara-curso-de-qualificacao-profissional-voltado-ao-empreendedorismo-ifms-fachada-768x409.jpg 768w\" sizes=\"(max-width: 940px) 100vw, 940px\" \/>O Instituto Federal de Mato Grosso do Sul (IFMS) \u00e9 uma das institui\u00e7\u00f5es da Rede Federal de Educa\u00e7\u00e3o Profissional, Cient\u00edfica e Tecnol\u00f3gica ofertantes do \u201cQualifica Mais Progredir\u201d, promovido pelos minist\u00e9rios da Educa\u00e7\u00e3o e da Cidadania.<\/p>\n<p style=\"text-align: justify;\">A iniciativa consiste em uma linha de fomento para a oferta de cursos de qualifica\u00e7\u00e3o profissional de Microempreendedor Individual (MEI) voltados a benefici\u00e1rios do Programa Aux\u00edlio Brasil.<\/p>\n<p style=\"text-align: justify;\">O p\u00fablico-alvo s\u00e3o benefici\u00e1rios do novo programa, que tenham 18 anos ou mais, ensino fundamental completo e residam nas cidades priorit\u00e1rias indicadas pelo Minist\u00e9rio da Cidadania.\u00a0A ades\u00e3o do IFMS ao &#8220;Qualifica Mais Progredir&#8221; foi feita de acordo com os termos do\u00a0<a title=\"chamamento p\u00fablico\" href=\"http:\/\/www.ifms.edu.br:9000\/lists\/lt.php?tid=KxkHBlVZWwABUUtaD1EDTlBdAgdOAAwLUhtcVlZSA1cHVQdRBg8fAwEHU1pRUANOVFADUk4NDwlXG1pfCwNPVVFdAldSXlcCVFcHHwBWVQdcUQtQTlsBCFIbDFIAVk9TAgBTH1IAAgUBVlFXAlgBVQ\" target=\"_blank\" rel=\"noopener\" data-saferedirecturl=\"https:\/\/www.google.com\/url?q=http:\/\/www.ifms.edu.br:9000\/lists\/lt.php?tid%3DKxkHBlVZWwABUUtaD1EDTlBdAgdOAAwLUhtcVlZSA1cHVQdRBg8fAwEHU1pRUANOVFADUk4NDwlXG1pfCwNPVVFdAldSXlcCVFcHHwBWVQdcUQtQTlsBCFIbDFIAVk9TAgBTH1IAAgUBVlFXAlgBVQ&amp;source=gmail&amp;ust=1636720417300000&amp;usg=AOvVaw1LbFYTg2N1ytW4poRk1m13\">chamamento p\u00fablico<\/a>\u00a0para a linha de fomento.<\/p>\n<p style=\"text-align: justify;\">As atividades ser\u00e3o realizadas em Campo Grande, \u00fanica cidade de Mato Grosso do Sul a oferecer o curso, no campus do IFMS. A previs\u00e3o \u00e9 de que sejam ofertadas 500 vagas ao longo do pr\u00f3ximo ano, com 12 turmas formadas por 42 alunos.<\/p>\n<p style=\"text-align: justify;\">Com aulas no per\u00edodo noturno, o curso ter\u00e1 in\u00edcio entre fevereiro e mar\u00e7o. As atividades ter\u00e3o dura\u00e7\u00e3o de tr\u00eas meses e carga hor\u00e1ria de 160h.<\/p>\n<p style=\"text-align: justify;\">\u201cA oferta do curso Microempreendedor Individual vai ao encontro de nossos objetivos, valores e miss\u00e3o institucional, na medida em que possibilita a forma\u00e7\u00e3o profissional inicial e continuada e ainda contribui de forma efetiva na ascens\u00e3o social de benefici\u00e1rios do Aux\u00edlio Brasil\u201d, comenta o diretor-geral do Programa Nacional de Acesso ao Ensino T\u00e9cnico e Emprego (Pronatec) no IFMS, Anderson Corr\u00eaa.<\/p>\n<p style=\"text-align: justify;\">\u201cIsso faz com que os participantes possam, a partir de uma forma\u00e7\u00e3o de qualidade, se inserir no mundo do trabalho, seja por meio do emprego e\/ou de a\u00e7\u00f5es\/pr\u00e1ticas empreendedoras, colaborando com o desenvolvimento local\u201d, complementa.<\/p>\n<p style=\"text-align: justify;\"><strong>Recursos<\/strong>\u00a0\u2013 O montante destinado ao Instituto Federal \u00e9 de R$ 800 mil. A expectativa \u00e9 de que os alunos recebam aux\u00edlios transporte e alimenta\u00e7\u00e3o no valor R$ 640 para participa\u00e7\u00e3o nas atividades, valores que poder\u00e3o sofrer altera\u00e7\u00e3o.<\/p>\n<p style=\"text-align: justify;\">Parte do montante previsto j\u00e1 foi destinada ao IFMS via Termo de Execu\u00e7\u00e3o Descentralizado (TED), para in\u00edcio da oferta. J\u00e1 os editais para os bolsistas que atuar\u00e3o no \u201cQualifica Mais Progredir\u201d est\u00e3o em fase de elabora\u00e7\u00e3o.<\/p>\n<p style=\"text-align: justify;\">Atualmente, o curso Microempreendedor Individual passa por processo de elabora\u00e7\u00e3o. O projeto pedag\u00f3gico foi elaborado e se encontra em tramita\u00e7\u00e3o interna.<\/p>\n<p style=\"text-align: justify;\"><strong>Parceria<\/strong>\u00a0\u2013 No momento tamb\u00e9m est\u00e3o sendo finalizados acordos de coopera\u00e7\u00e3o envolvendo a Funda\u00e7\u00e3o do Trabalho de Mato Grosso do Sul (Funtrab) e a Subsecretaria de Pol\u00edticas para a Juventude (SubJuv). A ideia \u00e9 de que as entidades parceiras encaminhem os estudantes para participa\u00e7\u00e3o no curso, respeitando os crit\u00e9rios do \u201cQualifica Mais Progredir\u201d.<\/p>\n<p style=\"text-align: justify;\">Existe a possibilidade de que &#8211; caso haja vagas n\u00e3o ocupadas, mesmo ap\u00f3s a formaliza\u00e7\u00e3o dos termos de coopera\u00e7\u00e3o -, elas possam ser disponibilizadas por meio de sorteio.<\/p>\n<p style=\"text-align: justify;\"><strong>Qualifica Mais Progredir<\/strong>\u00a0&#8211; Em todo o pa\u00eds, a iniciativa contempla 100 localidades, onde h\u00e1 maior n\u00famero de benefici\u00e1rios do programa de distribui\u00e7\u00e3o de renda do Governo Federal. A oferta exige que as prefeituras e equipamentos do Sistema \u00danico de Assist\u00eancia Social (SUAS) das cidades priorit\u00e1rias auxiliem na mobiliza\u00e7\u00e3o dos alunos.<\/p>\n<p style=\"text-align: justify;\">Em \u00e2mbito nacional est\u00e1 prevista a pactua\u00e7\u00e3o de 23.500 vagas ainda em 2021. Os cursos ter\u00e3o in\u00edcio em 2022 e ser\u00e3o ofertados na modalidade presencial.<\/p>\n<p style=\"text-align: justify;\">Mais informa\u00e7\u00f5es est\u00e3o dispon\u00edveis na\u00a0<a title=\"p\u00e1gina do \u201cQualifica Mais Progredir\u201d\" href=\"http:\/\/www.ifms.edu.br:9000\/lists\/lt.php?tid=KxkGBVZbAlJWUktWUQUDTlADUVROWw4JBxtaB1QAUFdWAQcEXA0fAwEHU1pRUANOVFADUk4NDwlXG1pfCwNPVVFdAldSXlcCVFcHHwBWVQdcUQtQTlsBCFIbDFIAVk9TAgBTH1IAAgUBVlFXAlgBVQ\" target=\"_blank\" rel=\"noopener\" data-saferedirecturl=\"https:\/\/www.google.com\/url?q=http:\/\/www.ifms.edu.br:9000\/lists\/lt.php?tid%3DKxkGBVZbAlJWUktWUQUDTlADUVROWw4JBxtaB1QAUFdWAQcEXA0fAwEHU1pRUANOVFADUk4NDwlXG1pfCwNPVVFdAldSXlcCVFcHHwBWVQdcUQtQTlsBCFIbDFIAVk9TAgBTH1IAAgUBVlFXAlgBVQ&amp;source=gmail&amp;ust=1636720417300000&amp;usg=AOvVaw0gT_RPSi60UFAPGRonby9n\">p\u00e1gina do \u201cQualifica Mais Progredir\u201d<\/a>.<\/p>\n","protected":false},"excerpt":{"rendered":"<p>O Instituto Federal de Mato Grosso do Sul (IFMS) \u00e9 uma das institui\u00e7\u00f5es da Rede Federal de Educa\u00e7\u00e3o Profissional, Cient\u00edfica e Tecnol\u00f3gica ofertantes do \u201cQualifica Mais Progredir\u201d, promovido pelos minist\u00e9rios da Educa\u00e7\u00e3o e da Cidadania. A iniciativa consiste em uma linha de fomento para a oferta de cursos de qualifica\u00e7\u00e3o profissional de Microempreendedor Individual (MEI) [&hellip;]<\/p>\n","protected":false},"author":2,"featured_media":165328,"comment_status":"open","ping_status":"open","sticky":false,"template":"","format":"standard","meta":{"_monsterinsights_skip_tracking":false,"_monsterinsights_sitenote_active":false,"_monsterinsights_sitenote_note":"","_monsterinsights_sitenote_category":0},"categories":[74],"tags":[],"aioseo_notices":[],"_links":{"self":[{"href":"http:\/\/mspontocom.com.br\/site\/wp-json\/wp\/v2\/posts\/165283"}],"collection":[{"href":"http:\/\/mspontocom.com.br\/site\/wp-json\/wp\/v2\/posts"}],"about":[{"href":"http:\/\/mspontocom.com.br\/site\/wp-json\/wp\/v2\/types\/post"}],"author":[{"embeddable":true,"href":"http:\/\/mspontocom.com.br\/site\/wp-json\/wp\/v2\/users\/2"}],"replies":[{"embeddable":true,"href":"http:\/\/mspontocom.com.br\/site\/wp-json\/wp\/v2\/comments?post=165283"}],"version-history":[{"count":1,"href":"http:\/\/mspontocom.com.br\/site\/wp-json\/wp\/v2\/posts\/165283\/revisions"}],"predecessor-version":[{"id":165329,"href":"http:\/\/mspontocom.com.br\/site\/wp-json\/wp\/v2\/posts\/165283\/revisions\/165329"}],"wp:featuredmedia":[{"embeddable":true,"href":"http:\/\/mspontocom.com.br\/site\/wp-json\/wp\/v2\/media\/165328"}],"wp:attachment":[{"href":"http:\/\/mspontocom.com.br\/site\/wp-json\/wp\/v2\/media?parent=165283"}],"wp:term":[{"taxonomy":"category","embeddable":true,"href":"http:\/\/mspontocom.com.br\/site\/wp-json\/wp\/v2\/categories?post=165283"},{"taxonomy":"post_tag","embeddable":true,"href":"http:\/\/mspontocom.com.br\/site\/wp-json\/wp\/v2\/tags?post=165283"}],"curies":[{"name":"wp","href":"https:\/\/api.w.org\/{rel}","templated":true}]}}