{"id":165352,"date":"2021-11-15T06:42:34","date_gmt":"2021-11-15T10:42:34","guid":{"rendered":"https:\/\/mspontocom.com.br\/site\/?p=165352"},"modified":"2021-11-15T06:42:34","modified_gmt":"2021-11-15T10:42:34","slug":"brasil-vai-abrir-escritorio-da-embratur-em-dubai","status":"publish","type":"post","link":"http:\/\/mspontocom.com.br\/site\/brasil-vai-abrir-escritorio-da-embratur-em-dubai\/","title":{"rendered":"Brasil vai abrir escrit\u00f3rio da Embratur em Dubai"},"content":{"rendered":"<p style=\"text-align: justify;\"><img loading=\"lazy\" class=\"alignnone size-full wp-image-165366\" src=\"https:\/\/mspontocom.com.br\/site\/wp-content\/uploads\/2021\/11\/site-brasil-vai-abrir-escritorio-da-embratur-em-dubai-arabe.jpg\" alt=\"\" width=\"868\" height=\"644\" srcset=\"http:\/\/mspontocom.com.br\/site\/wp-content\/uploads\/2021\/11\/site-brasil-vai-abrir-escritorio-da-embratur-em-dubai-arabe.jpg 868w, http:\/\/mspontocom.com.br\/site\/wp-content\/uploads\/2021\/11\/site-brasil-vai-abrir-escritorio-da-embratur-em-dubai-arabe-260x193.jpg 260w, http:\/\/mspontocom.com.br\/site\/wp-content\/uploads\/2021\/11\/site-brasil-vai-abrir-escritorio-da-embratur-em-dubai-arabe-768x570.jpg 768w\" sizes=\"(max-width: 868px) 100vw, 868px\" \/>O presidente Jair Bolsonaro\u00a0disse nesta segunda-feira, dia 15, que o governo brasileiro vai abrir um escrit\u00f3rio de promo\u00e7\u00e3o tur\u00edstica em Dubai, nos Emirados \u00c1rabes Unidos.<\/p>\n<p style=\"text-align: justify;\">O escrit\u00f3rio ser\u00e1 da ag\u00eancia\u00a0<strong>Embratur<\/strong>.<\/p>\n<p style=\"text-align: justify;\">\u201cO Brasil tem belezas naturais inigual\u00e1veis. Estamos abrindo um escrit\u00f3rio de turismo aqui em Dubai\u201d, disse Bolsonaro, no f\u00f3rum\u00a0<strong>Invest in Brazil<\/strong>.<\/p>\n<p style=\"text-align: justify;\">A abertura est\u00e1 encaminhada, e o ministro do Turismo,\u00a0Gilson Machado, j\u00e1 visitou alguns pr\u00e9dios que podem receber a sede da Embratur.<\/p>\n<p style=\"text-align: justify;\">Durante a visita do presidente ao pa\u00eds, Machado\u00a0<strong>apresentou projetos de investimento tur\u00edstico no Brasil<\/strong>, principalmente resorts no Nordeste.<\/p>\n<p style=\"text-align: justify;\">fonte: O Estado<\/p>\n","protected":false},"excerpt":{"rendered":"<p>O presidente Jair Bolsonaro\u00a0disse nesta segunda-feira, dia 15, que o governo brasileiro vai abrir um escrit\u00f3rio de promo\u00e7\u00e3o tur\u00edstica em Dubai, nos Emirados \u00c1rabes Unidos. O escrit\u00f3rio ser\u00e1 da ag\u00eancia\u00a0Embratur. \u201cO Brasil tem belezas naturais inigual\u00e1veis. Estamos abrindo um escrit\u00f3rio de turismo aqui em Dubai\u201d, disse Bolsonaro, no f\u00f3rum\u00a0Invest in Brazil. A abertura est\u00e1 encaminhada, [&hellip;]<\/p>\n","protected":false},"author":2,"featured_media":165366,"comment_status":"open","ping_status":"open","sticky":false,"template":"","format":"standard","meta":{"_monsterinsights_skip_tracking":false,"_monsterinsights_sitenote_active":false,"_monsterinsights_sitenote_note":"","_monsterinsights_sitenote_category":0},"categories":[15,10],"tags":[],"aioseo_notices":[],"_links":{"self":[{"href":"http:\/\/mspontocom.com.br\/site\/wp-json\/wp\/v2\/posts\/165352"}],"collection":[{"href":"http:\/\/mspontocom.com.br\/site\/wp-json\/wp\/v2\/posts"}],"about":[{"href":"http:\/\/mspontocom.com.br\/site\/wp-json\/wp\/v2\/types\/post"}],"author":[{"embeddable":true,"href":"http:\/\/mspontocom.com.br\/site\/wp-json\/wp\/v2\/users\/2"}],"replies":[{"embeddable":true,"href":"http:\/\/mspontocom.com.br\/site\/wp-json\/wp\/v2\/comments?post=165352"}],"version-history":[{"count":2,"href":"http:\/\/mspontocom.com.br\/site\/wp-json\/wp\/v2\/posts\/165352\/revisions"}],"predecessor-version":[{"id":165367,"href":"http:\/\/mspontocom.com.br\/site\/wp-json\/wp\/v2\/posts\/165352\/revisions\/165367"}],"wp:featuredmedia":[{"embeddable":true,"href":"http:\/\/mspontocom.com.br\/site\/wp-json\/wp\/v2\/media\/165366"}],"wp:attachment":[{"href":"http:\/\/mspontocom.com.br\/site\/wp-json\/wp\/v2\/media?parent=165352"}],"wp:term":[{"taxonomy":"category","embeddable":true,"href":"http:\/\/mspontocom.com.br\/site\/wp-json\/wp\/v2\/categories?post=165352"},{"taxonomy":"post_tag","embeddable":true,"href":"http:\/\/mspontocom.com.br\/site\/wp-json\/wp\/v2\/tags?post=165352"}],"curies":[{"name":"wp","href":"https:\/\/api.w.org\/{rel}","templated":true}]}}