{"id":165363,"date":"2021-11-15T06:23:04","date_gmt":"2021-11-15T10:23:04","guid":{"rendered":"https:\/\/mspontocom.com.br\/site\/?p=165363"},"modified":"2021-11-15T06:48:26","modified_gmt":"2021-11-15T10:48:26","slug":"senai-cetiqt-lanca-portal-para-impulsionar-a-bioeconomia-brasileira","status":"publish","type":"post","link":"http:\/\/mspontocom.com.br\/site\/senai-cetiqt-lanca-portal-para-impulsionar-a-bioeconomia-brasileira\/","title":{"rendered":"SENAI CETIQT lan\u00e7a portal para impulsionar a bioeconomia brasileira"},"content":{"rendered":"<p style=\"text-align: justify;\"><img loading=\"lazy\" class=\"alignnone size-full wp-image-165368\" src=\"https:\/\/mspontocom.com.br\/site\/wp-content\/uploads\/2021\/11\/site-senai-cetiqt-lanca-portal-para-impulsionar-a-bioeconomia-brasileira-bio-e1636973227666.jpg\" alt=\"\" width=\"1167\" height=\"636\" srcset=\"http:\/\/mspontocom.com.br\/site\/wp-content\/uploads\/2021\/11\/site-senai-cetiqt-lanca-portal-para-impulsionar-a-bioeconomia-brasileira-bio-e1636973227666.jpg 1167w, http:\/\/mspontocom.com.br\/site\/wp-content\/uploads\/2021\/11\/site-senai-cetiqt-lanca-portal-para-impulsionar-a-bioeconomia-brasileira-bio-e1636973227666-260x142.jpg 260w, http:\/\/mspontocom.com.br\/site\/wp-content\/uploads\/2021\/11\/site-senai-cetiqt-lanca-portal-para-impulsionar-a-bioeconomia-brasileira-bio-e1636973227666-768x419.jpg 768w, http:\/\/mspontocom.com.br\/site\/wp-content\/uploads\/2021\/11\/site-senai-cetiqt-lanca-portal-para-impulsionar-a-bioeconomia-brasileira-bio-e1636973227666-1024x558.jpg 1024w\" sizes=\"(max-width: 1167px) 100vw, 1167px\" \/>No pr\u00f3ximo dia <strong>25 de novembro,<\/strong> o<strong> SENAI CETIQT<\/strong> \u2013 Centro de Tecnologia da Ind\u00fastria Qu\u00edmica e T\u00eaxtil lan\u00e7ar\u00e1, durante o Green Rio\/ Green Latin America 2021, seu Portal de Bioeconomia.<\/p>\n<p style=\"text-align: justify;\">O evento, que acontecer\u00e1 em formato h\u00edbrido, reunir\u00e1 palestrantes do Brasil, internacionais e feira com produtos da <strong>bioeconomia.<\/strong><\/p>\n<p style=\"text-align: justify;\"><strong> SENAI CETIQT<\/strong><\/p>\n<p style=\"text-align: justify;\">O evento ter\u00e1 in\u00edcio \u00e0s 10h do dia 25 e ter\u00e1 edi\u00e7\u00f5es nos dias 26 e 27, com transmiss\u00e3o no YouTube do SENAI CETIQT.<\/p>\n<p style=\"text-align: justify;\">\u00a0Inscri\u00e7\u00f5es pelo site\u00a0<a href=\"http:\/\/pmta.spgo.io\/f\/a\/ryJY1SD3Ogd7AthCmIxulQ~~\/AASuxwE~\/RgRjbodTP0TZaHR0cHM6Ly9nYXRld2F5LnByLmNvbXVuaXF1ZS1zZS5jb20uYnIvYXBpL0NhbXBhaWduL0FkZENhbXBhaWduRW1haWxDbGljay9iNzIxNTBiNi0xYmE5LTQ4N2YtMGMzNC0wOGQ5OWQ0YjAyODAvaHR0cCUyNTNhJTI1MmYlMjUyZnd3dy5ncmVlbnJpby5jb20uYnIlMjUyZi8zYTYyYzNlOC0xOTVhLTRhMmMtZmM0YS0wOGQ3YzVmZjI2ZDEvbXNwb250b2NvbUBnbWFpbC5jb20vVHJ1ZVcEcG10YUIK-pYzRo1hH8nrOlIUbXNwb250b2NvbUBnbWFpbC5jb21YBAAAAAA~\" target=\"_blank\" rel=\"noopener noreferrer\" data-saferedirecturl=\"https:\/\/www.google.com\/url?q=http:\/\/pmta.spgo.io\/f\/a\/ryJY1SD3Ogd7AthCmIxulQ~~\/AASuxwE~\/RgRjbodTP0TZaHR0cHM6Ly9nYXRld2F5LnByLmNvbXVuaXF1ZS1zZS5jb20uYnIvYXBpL0NhbXBhaWduL0FkZENhbXBhaWduRW1haWxDbGljay9iNzIxNTBiNi0xYmE5LTQ4N2YtMGMzNC0wOGQ5OWQ0YjAyODAvaHR0cCUyNTNhJTI1MmYlMjUyZnd3dy5ncmVlbnJpby5jb20uYnIlMjUyZi8zYTYyYzNlOC0xOTVhLTRhMmMtZmM0YS0wOGQ3YzVmZjI2ZDEvbXNwb250b2NvbUBnbWFpbC5jb20vVHJ1ZVcEcG10YUIK-pYzRo1hH8nrOlIUbXNwb250b2NvbUBnbWFpbC5jb21YBAAAAAA~&amp;source=gmail&amp;ust=1637056790129000&amp;usg=AOvVaw0n4Omn2w5DczY9UoX-uUf0\">www.greenrio.com.br<\/a>.<\/p>\n<p style=\"text-align: justify;\"><strong>O que \u00e9 a Bioeconomia<\/strong><\/p>\n<p style=\"text-align: justify;\">De acordo com o\u00a0Portal\u00a0da Ind\u00fastria,\u00a0bioeconomia \u00e9 a ci\u00eancia que estuda os sistemas biol\u00f3gicos e recursos naturais aliados \u00e0 utiliza\u00e7\u00e3o de novas tecnologias com prop\u00f3sitos de criar produtos e servi\u00e7os mais sustent\u00e1veis.<\/p>\n<p style=\"text-align: justify;\">A bioeconomia est\u00e1 presente na produ\u00e7\u00e3o de vacinas, enzimas industriais, novas variedades vegetais, biocombust\u00edveis, cosm\u00e9ticos entre outros.<\/p>\n","protected":false},"excerpt":{"rendered":"<p>No pr\u00f3ximo dia 25 de novembro, o SENAI CETIQT \u2013 Centro de Tecnologia da Ind\u00fastria Qu\u00edmica e T\u00eaxtil lan\u00e7ar\u00e1, durante o Green Rio\/ Green Latin America 2021, seu Portal de Bioeconomia. O evento, que acontecer\u00e1 em formato h\u00edbrido, reunir\u00e1 palestrantes do Brasil, internacionais e feira com produtos da bioeconomia. SENAI CETIQT O evento ter\u00e1 in\u00edcio [&hellip;]<\/p>\n","protected":false},"author":2,"featured_media":165368,"comment_status":"open","ping_status":"open","sticky":false,"template":"","format":"standard","meta":{"_monsterinsights_skip_tracking":false,"_monsterinsights_sitenote_active":false,"_monsterinsights_sitenote_note":"","_monsterinsights_sitenote_category":0},"categories":[15],"tags":[],"aioseo_notices":[],"_links":{"self":[{"href":"http:\/\/mspontocom.com.br\/site\/wp-json\/wp\/v2\/posts\/165363"}],"collection":[{"href":"http:\/\/mspontocom.com.br\/site\/wp-json\/wp\/v2\/posts"}],"about":[{"href":"http:\/\/mspontocom.com.br\/site\/wp-json\/wp\/v2\/types\/post"}],"author":[{"embeddable":true,"href":"http:\/\/mspontocom.com.br\/site\/wp-json\/wp\/v2\/users\/2"}],"replies":[{"embeddable":true,"href":"http:\/\/mspontocom.com.br\/site\/wp-json\/wp\/v2\/comments?post=165363"}],"version-history":[{"count":2,"href":"http:\/\/mspontocom.com.br\/site\/wp-json\/wp\/v2\/posts\/165363\/revisions"}],"predecessor-version":[{"id":165369,"href":"http:\/\/mspontocom.com.br\/site\/wp-json\/wp\/v2\/posts\/165363\/revisions\/165369"}],"wp:featuredmedia":[{"embeddable":true,"href":"http:\/\/mspontocom.com.br\/site\/wp-json\/wp\/v2\/media\/165368"}],"wp:attachment":[{"href":"http:\/\/mspontocom.com.br\/site\/wp-json\/wp\/v2\/media?parent=165363"}],"wp:term":[{"taxonomy":"category","embeddable":true,"href":"http:\/\/mspontocom.com.br\/site\/wp-json\/wp\/v2\/categories?post=165363"},{"taxonomy":"post_tag","embeddable":true,"href":"http:\/\/mspontocom.com.br\/site\/wp-json\/wp\/v2\/tags?post=165363"}],"curies":[{"name":"wp","href":"https:\/\/api.w.org\/{rel}","templated":true}]}}