{"id":165601,"date":"2021-11-24T13:08:02","date_gmt":"2021-11-24T17:08:02","guid":{"rendered":"https:\/\/mspontocom.com.br\/site\/?p=165601"},"modified":"2021-11-24T09:13:26","modified_gmt":"2021-11-24T13:13:26","slug":"ms-feira-virtual-artesao-livre-especial-de-natal-acontece-esta-semana","status":"publish","type":"post","link":"http:\/\/mspontocom.com.br\/site\/ms-feira-virtual-artesao-livre-especial-de-natal-acontece-esta-semana\/","title":{"rendered":"MS: Feira virtual \u201cArtes\u00e3o Livre Especial de Natal\u201d acontece esta semana"},"content":{"rendered":"<p class=\"u-text--justified\" style=\"text-align: justify;\"><img loading=\"lazy\" class=\"alignnone size-full wp-image-165602\" src=\"https:\/\/mspontocom.com.br\/site\/wp-content\/uploads\/2021\/11\/site-feira-virtual-artesao-livre-especial-de-natal-acontece-esta-semana-artesao.jpeg\" alt=\"\" width=\"730\" height=\"425\" srcset=\"http:\/\/mspontocom.com.br\/site\/wp-content\/uploads\/2021\/11\/site-feira-virtual-artesao-livre-especial-de-natal-acontece-esta-semana-artesao.jpeg 730w, http:\/\/mspontocom.com.br\/site\/wp-content\/uploads\/2021\/11\/site-feira-virtual-artesao-livre-especial-de-natal-acontece-esta-semana-artesao-260x151.jpeg 260w\" sizes=\"(max-width: 730px) 100vw, 730px\" \/>Pe\u00e7as exclusivas e diferentes artesanatos confeccionados por reeducandos em unidades prisionais da Agepen estar\u00e3o dispon\u00edveis para a venda, durante a<strong> 14\u00aa Feira Artes\u00e3o Livre &#8220;Especial de Natal&#8221;<\/strong>, que inicia nesta quarta-feira (24.11), no formato virtual.<\/p>\n<p class=\"u-text--justified\" style=\"text-align: justify;\">Para a realiza\u00e7\u00e3o, foi elaborado um cat\u00e1logo dos produtos, al\u00e9m de convite de participa\u00e7\u00e3o em um grupo no aplicativo de mensagens instant\u00e2neas<strong> WhatsApp<\/strong> especialmente criado para o evento, que ter\u00e1 dois dias de dura\u00e7\u00e3o.<\/p>\n<p style=\"text-align: justify;\">Estar\u00e3o dispon\u00edveis para a venda tapetes, esculturas, quadros, bandejas, pinturas em tela, brinquedos, enfeites diversos, entre outros itens.<\/p>\n<p style=\"text-align: justify;\">S\u00e3o cerca de 500 artesanatos ao todo, para os mais diferentes gostos e estilos, com pre\u00e7os que variam de 20,00 a 1.200,00 reais.<\/p>\n<p style=\"text-align: justify;\"><strong>\u00a0Esta ser\u00e1 a terceira edi\u00e7\u00e3o realizada de forma remota.<\/strong><\/p>\n<p style=\"text-align: justify;\"><strong>Acesso \u00e0\u00a0<\/strong><strong>Feira<\/strong><\/p>\n<p style=\"text-align: justify;\">Para conhecer e adquirir os produtos dispon\u00edveis basta entrar no grupo do WhatsApp e visualizar o cat\u00e1logo de produtos.<strong>\u00a0<\/strong><\/p>\n<p style=\"text-align: justify;\"><strong>Clique\u00a0<a href=\"https:\/\/chat.whatsapp.com\/F4XrPyyajPj4cl9VK0Tyr9\">aqui\u00a0<\/a>\u00a0e acesse,\u00a0<\/strong>lembrando que o grupo se destina exclusivamente \u00e0 exposi\u00e7\u00e3o e \u00e0 comercializa\u00e7\u00e3o dos produtos confeccionados pelos reeducandos. Os valores arrecadados com a venda dos artesanatos ser\u00e3o revertidos aos custodiados que os produziram e ao sustento de suas fam\u00edlias.<\/p>\n","protected":false},"excerpt":{"rendered":"<p>Pe\u00e7as exclusivas e diferentes artesanatos confeccionados por reeducandos em unidades prisionais da Agepen estar\u00e3o dispon\u00edveis para a venda, durante a 14\u00aa Feira Artes\u00e3o Livre &#8220;Especial de Natal&#8221;, que inicia nesta quarta-feira (24.11), no formato virtual. Para a realiza\u00e7\u00e3o, foi elaborado um cat\u00e1logo dos produtos, al\u00e9m de convite de participa\u00e7\u00e3o em um grupo no aplicativo de [&hellip;]<\/p>\n","protected":false},"author":2,"featured_media":165602,"comment_status":"open","ping_status":"open","sticky":false,"template":"","format":"standard","meta":{"_monsterinsights_skip_tracking":false,"_monsterinsights_sitenote_active":false,"_monsterinsights_sitenote_note":"","_monsterinsights_sitenote_category":0},"categories":[74],"tags":[],"aioseo_notices":[],"_links":{"self":[{"href":"http:\/\/mspontocom.com.br\/site\/wp-json\/wp\/v2\/posts\/165601"}],"collection":[{"href":"http:\/\/mspontocom.com.br\/site\/wp-json\/wp\/v2\/posts"}],"about":[{"href":"http:\/\/mspontocom.com.br\/site\/wp-json\/wp\/v2\/types\/post"}],"author":[{"embeddable":true,"href":"http:\/\/mspontocom.com.br\/site\/wp-json\/wp\/v2\/users\/2"}],"replies":[{"embeddable":true,"href":"http:\/\/mspontocom.com.br\/site\/wp-json\/wp\/v2\/comments?post=165601"}],"version-history":[{"count":1,"href":"http:\/\/mspontocom.com.br\/site\/wp-json\/wp\/v2\/posts\/165601\/revisions"}],"predecessor-version":[{"id":165603,"href":"http:\/\/mspontocom.com.br\/site\/wp-json\/wp\/v2\/posts\/165601\/revisions\/165603"}],"wp:featuredmedia":[{"embeddable":true,"href":"http:\/\/mspontocom.com.br\/site\/wp-json\/wp\/v2\/media\/165602"}],"wp:attachment":[{"href":"http:\/\/mspontocom.com.br\/site\/wp-json\/wp\/v2\/media?parent=165601"}],"wp:term":[{"taxonomy":"category","embeddable":true,"href":"http:\/\/mspontocom.com.br\/site\/wp-json\/wp\/v2\/categories?post=165601"},{"taxonomy":"post_tag","embeddable":true,"href":"http:\/\/mspontocom.com.br\/site\/wp-json\/wp\/v2\/tags?post=165601"}],"curies":[{"name":"wp","href":"https:\/\/api.w.org\/{rel}","templated":true}]}}