{"id":165800,"date":"2021-12-01T11:05:52","date_gmt":"2021-12-01T15:05:52","guid":{"rendered":"https:\/\/mspontocom.com.br\/site\/?p=165800"},"modified":"2021-12-01T09:09:58","modified_gmt":"2021-12-01T13:09:58","slug":"ponte-bioceanica-tera-lancamento-com-presenca-de-bolsonaro","status":"publish","type":"post","link":"http:\/\/mspontocom.com.br\/site\/ponte-bioceanica-tera-lancamento-com-presenca-de-bolsonaro\/","title":{"rendered":"Ponte Bioce\u00e2nica ter\u00e1 lan\u00e7amento com presen\u00e7a de Bolsonaro"},"content":{"rendered":"<p style=\"text-align: justify;\"><img loading=\"lazy\" class=\"alignnone size-full wp-image-165814\" src=\"https:\/\/mspontocom.com.br\/site\/wp-content\/uploads\/2021\/12\/site-ponte-bioceanica-tera-lancamento-com-presenca-de-bolsonaro-ponte-rio-paraguai-capa-730x425.jpg\" alt=\"\" width=\"984\" height=\"573\" srcset=\"http:\/\/mspontocom.com.br\/site\/wp-content\/uploads\/2021\/12\/site-ponte-bioceanica-tera-lancamento-com-presenca-de-bolsonaro-ponte-rio-paraguai-capa-730x425.jpg 984w, http:\/\/mspontocom.com.br\/site\/wp-content\/uploads\/2021\/12\/site-ponte-bioceanica-tera-lancamento-com-presenca-de-bolsonaro-ponte-rio-paraguai-capa-730x425-260x151.jpg 260w, http:\/\/mspontocom.com.br\/site\/wp-content\/uploads\/2021\/12\/site-ponte-bioceanica-tera-lancamento-com-presenca-de-bolsonaro-ponte-rio-paraguai-capa-730x425-768x447.jpg 768w\" sizes=\"(max-width: 984px) 100vw, 984px\" \/>Em fun\u00e7\u00e3o da reuni\u00e3o do\u00a0Prosul (Foro para o Progresso da Am\u00e9rica do Sul), o <strong>lan\u00e7amento da pedra fundamental<\/strong> da ponte entre Porto Murtinho (MS) e Carmelo Peralta (PY) ser\u00e1 realizado em janeiro de 2021 e n\u00e3o mais no dia 13 de dezembro.<\/p>\n<p style=\"text-align: justify;\">O adiamento acontece por conta da agenda dos dois presidentes: Mario Abdo Ben\u00edtez (o Marito), do Paraguai; e <strong>Jair Bolsonaro,<\/strong> do Brasil.<\/p>\n<p style=\"text-align: justify;\">A ponte \u00e9 considerada a principal obra da<strong> Rota Bioce\u00e2nica<\/strong>, levando desenvolvimento para os dois pa\u00edses, promovendo maior integra\u00e7\u00e3o em diversas \u00e1reas e reduzindo as dist\u00e2ncias e o valor do frete das importa\u00e7\u00f5es e exporta\u00e7\u00f5es de produtos para o mercado asi\u00e1tico.<\/p>\n<p style=\"text-align: justify;\">Al\u00e9m disso, a Rota Bioce\u00e2nica vai transformar<strong> Mato Grosso do Sul<\/strong> em um hub log\u00edstico, um centro de distribui\u00e7\u00e3o de mercadorias.<\/p>\n<p style=\"text-align: justify;\">A Ponte Bioce\u00e2nica ter\u00e1 um comprimento de 680 metros, duas pistas de rolagem de ve\u00edculos de passeio e caminh\u00f5es, com 12,5 metros de largura, e duas passagens nas laterais, com 2,5 metros cada uma, para o tr\u00e2nsito de pedestres e ciclistas.<\/p>\n<p style=\"text-align: justify;\">\u00a0O valor contratado \u00e9 de 616.386.755,744 guaranis, o que equivale a quase meio bilh\u00e3o de reais, a serem pagos pela Itaipu Binacional.<\/p>\n","protected":false},"excerpt":{"rendered":"<p>Em fun\u00e7\u00e3o da reuni\u00e3o do\u00a0Prosul (Foro para o Progresso da Am\u00e9rica do Sul), o lan\u00e7amento da pedra fundamental da ponte entre Porto Murtinho (MS) e Carmelo Peralta (PY) ser\u00e1 realizado em janeiro de 2021 e n\u00e3o mais no dia 13 de dezembro. O adiamento acontece por conta da agenda dos dois presidentes: Mario Abdo Ben\u00edtez [&hellip;]<\/p>\n","protected":false},"author":2,"featured_media":165814,"comment_status":"open","ping_status":"open","sticky":false,"template":"","format":"standard","meta":{"_monsterinsights_skip_tracking":false,"_monsterinsights_sitenote_active":false,"_monsterinsights_sitenote_note":"","_monsterinsights_sitenote_category":0},"categories":[74],"tags":[],"aioseo_notices":[],"_links":{"self":[{"href":"http:\/\/mspontocom.com.br\/site\/wp-json\/wp\/v2\/posts\/165800"}],"collection":[{"href":"http:\/\/mspontocom.com.br\/site\/wp-json\/wp\/v2\/posts"}],"about":[{"href":"http:\/\/mspontocom.com.br\/site\/wp-json\/wp\/v2\/types\/post"}],"author":[{"embeddable":true,"href":"http:\/\/mspontocom.com.br\/site\/wp-json\/wp\/v2\/users\/2"}],"replies":[{"embeddable":true,"href":"http:\/\/mspontocom.com.br\/site\/wp-json\/wp\/v2\/comments?post=165800"}],"version-history":[{"count":2,"href":"http:\/\/mspontocom.com.br\/site\/wp-json\/wp\/v2\/posts\/165800\/revisions"}],"predecessor-version":[{"id":165815,"href":"http:\/\/mspontocom.com.br\/site\/wp-json\/wp\/v2\/posts\/165800\/revisions\/165815"}],"wp:featuredmedia":[{"embeddable":true,"href":"http:\/\/mspontocom.com.br\/site\/wp-json\/wp\/v2\/media\/165814"}],"wp:attachment":[{"href":"http:\/\/mspontocom.com.br\/site\/wp-json\/wp\/v2\/media?parent=165800"}],"wp:term":[{"taxonomy":"category","embeddable":true,"href":"http:\/\/mspontocom.com.br\/site\/wp-json\/wp\/v2\/categories?post=165800"},{"taxonomy":"post_tag","embeddable":true,"href":"http:\/\/mspontocom.com.br\/site\/wp-json\/wp\/v2\/tags?post=165800"}],"curies":[{"name":"wp","href":"https:\/\/api.w.org\/{rel}","templated":true}]}}