{"id":165870,"date":"2021-12-03T09:56:01","date_gmt":"2021-12-03T13:56:01","guid":{"rendered":"https:\/\/mspontocom.com.br\/site\/?p=165870"},"modified":"2021-12-03T09:00:59","modified_gmt":"2021-12-03T13:00:59","slug":"sebrae-e-governo-do-estado-vao-anunciar-medidas-para-ambiente-de-negocios-de-ms","status":"publish","type":"post","link":"http:\/\/mspontocom.com.br\/site\/sebrae-e-governo-do-estado-vao-anunciar-medidas-para-ambiente-de-negocios-de-ms\/","title":{"rendered":"Sebrae e Governo do Estado v\u00e3o anunciar medidas para ambiente de neg\u00f3cios de MS"},"content":{"rendered":"<p style=\"text-align: justify;\"><img loading=\"lazy\" class=\"alignnone size-full wp-image-165879\" src=\"https:\/\/mspontocom.com.br\/site\/wp-content\/uploads\/2021\/12\/site-sebrae-e-governo-do-estado-vao-anunciar-medidas-para-ambiente-de-negocios-de-ms-bandeira-ms.jpg\" alt=\"\" width=\"600\" height=\"400\" srcset=\"http:\/\/mspontocom.com.br\/site\/wp-content\/uploads\/2021\/12\/site-sebrae-e-governo-do-estado-vao-anunciar-medidas-para-ambiente-de-negocios-de-ms-bandeira-ms.jpg 600w, http:\/\/mspontocom.com.br\/site\/wp-content\/uploads\/2021\/12\/site-sebrae-e-governo-do-estado-vao-anunciar-medidas-para-ambiente-de-negocios-de-ms-bandeira-ms-260x173.jpg 260w\" sizes=\"(max-width: 600px) 100vw, 600px\" \/><\/p>\n<p style=\"text-align: justify;\">Na pr\u00f3xima ter\u00e7a-feira (07), o <strong>Sebrae<\/strong> e o <strong>Governo do Estado<\/strong> realizam coletiva para a imprensa intitulada <strong>\u201cMarco Legal para Melhoria do Ambiente de Neg\u00f3cios de MS\u201d<\/strong>, onde ser\u00e3o anunciadas as medidas executadas entre as institui\u00e7\u00f5es que contribuem para a melhoria do ambiente de neg\u00f3cios de Mato Grosso do Sul.<\/p>\n<p style=\"text-align: justify;\">O evento acontece \u00e0s 11h na sede do Sebrae em Campo Grande (Avenida Mato Grosso, 1661).<\/p>\n<p style=\"text-align: justify;\">O encontro contar\u00e1 com a presen\u00e7a do governador do Estado, Reinaldo Azambuja.<\/p>\n<p style=\"text-align: justify;\">Azambuja ir\u00e1 assinar o decreto que regulamenta a Lei n. 5.626, de 17 de dezembro de 2020, que institui a <strong>Declara\u00e7\u00e3o Estadual de Direitos de Liberdade Econ\u00f4mica em Mato Grosso do Sul<\/strong>, estabelecendo normas para atos de libera\u00e7\u00e3o de atividade econ\u00f4mica e an\u00e1lise de impacto regulat\u00f3rio, com o objetivo de reduzir a burocracia para empres\u00e1rios e interessados em empreender em MS.<\/p>\n<p style=\"text-align: justify;\">Ainda como parte da programa\u00e7\u00e3o, as autoridades ir\u00e3o assinar oficialmente o Termo de Coopera\u00e7\u00e3o do Programa Estadual dos Pequenos Neg\u00f3cios <strong>(Propeq Dinamiza)<\/strong>, iniciativa entre Sebrae e Governo do Estado que fomenta as potencialidades de Mato Grosso do Sul.<\/p>\n<p style=\"text-align: justify;\">Tamb\u00e9m no encontro, o Sebrae ir\u00e1 entregar ao Governo do Estado o <strong>Projeto de Lei do Estatuto da Micro e Pequena Empresa. <\/strong><\/p>\n<p style=\"text-align: justify;\">Por fim, as autoridades ir\u00e3o apresentar uma iniciativa realizada em Mato Grosso do Sul, considerada um exemplo pr\u00e1tico de a\u00e7\u00e3o para a melhoria do ambiente de neg\u00f3cios: o programa <strong>Cidade Empreendedora,<\/strong> executado pelo Sebrae em parceria com as prefeituras municipais em 22 munic\u00edpios sul-mato-grossenses, com o objetivo de transformar a economia local.<\/p>\n<p style=\"text-align: justify;\"><b>Servi\u00e7o:\u00a0<\/b><br \/>\nData: 07-12-2021<br \/>\nHora: 11h<br \/>\nLocal: Sede do Sebrae em Campo Grande (Avenida Mato Grosso, n\u00famero 1661)<\/p>\n","protected":false},"excerpt":{"rendered":"<p>Na pr\u00f3xima ter\u00e7a-feira (07), o Sebrae e o Governo do Estado realizam coletiva para a imprensa intitulada \u201cMarco Legal para Melhoria do Ambiente de Neg\u00f3cios de MS\u201d, onde ser\u00e3o anunciadas as medidas executadas entre as institui\u00e7\u00f5es que contribuem para a melhoria do ambiente de neg\u00f3cios de Mato Grosso do Sul. O evento acontece \u00e0s 11h [&hellip;]<\/p>\n","protected":false},"author":2,"featured_media":165879,"comment_status":"open","ping_status":"open","sticky":false,"template":"","format":"standard","meta":{"_monsterinsights_skip_tracking":false,"_monsterinsights_sitenote_active":false,"_monsterinsights_sitenote_note":"","_monsterinsights_sitenote_category":0},"categories":[15],"tags":[],"aioseo_notices":[],"_links":{"self":[{"href":"http:\/\/mspontocom.com.br\/site\/wp-json\/wp\/v2\/posts\/165870"}],"collection":[{"href":"http:\/\/mspontocom.com.br\/site\/wp-json\/wp\/v2\/posts"}],"about":[{"href":"http:\/\/mspontocom.com.br\/site\/wp-json\/wp\/v2\/types\/post"}],"author":[{"embeddable":true,"href":"http:\/\/mspontocom.com.br\/site\/wp-json\/wp\/v2\/users\/2"}],"replies":[{"embeddable":true,"href":"http:\/\/mspontocom.com.br\/site\/wp-json\/wp\/v2\/comments?post=165870"}],"version-history":[{"count":2,"href":"http:\/\/mspontocom.com.br\/site\/wp-json\/wp\/v2\/posts\/165870\/revisions"}],"predecessor-version":[{"id":165880,"href":"http:\/\/mspontocom.com.br\/site\/wp-json\/wp\/v2\/posts\/165870\/revisions\/165880"}],"wp:featuredmedia":[{"embeddable":true,"href":"http:\/\/mspontocom.com.br\/site\/wp-json\/wp\/v2\/media\/165879"}],"wp:attachment":[{"href":"http:\/\/mspontocom.com.br\/site\/wp-json\/wp\/v2\/media?parent=165870"}],"wp:term":[{"taxonomy":"category","embeddable":true,"href":"http:\/\/mspontocom.com.br\/site\/wp-json\/wp\/v2\/categories?post=165870"},{"taxonomy":"post_tag","embeddable":true,"href":"http:\/\/mspontocom.com.br\/site\/wp-json\/wp\/v2\/tags?post=165870"}],"curies":[{"name":"wp","href":"https:\/\/api.w.org\/{rel}","templated":true}]}}