{"id":165975,"date":"2021-12-07T06:51:42","date_gmt":"2021-12-07T10:51:42","guid":{"rendered":"https:\/\/mspontocom.com.br\/site\/?p=165975"},"modified":"2021-12-07T06:51:42","modified_gmt":"2021-12-07T10:51:42","slug":"instituto-livre-mercado-cria-plataforma-colaborativa-para-2022","status":"publish","type":"post","link":"http:\/\/mspontocom.com.br\/site\/instituto-livre-mercado-cria-plataforma-colaborativa-para-2022\/","title":{"rendered":"Instituto Livre Mercado cria plataforma colaborativa para 2022"},"content":{"rendered":"<p class=\"first-paragraph\" style=\"text-align: justify;\"><img loading=\"lazy\" class=\"alignnone size-full wp-image-165987\" src=\"https:\/\/mspontocom.com.br\/site\/wp-content\/uploads\/2021\/12\/site-instituto-livre-mercado-cria-plataforma-colaborativa-para-2022-fplm-e1638874247440.png\" alt=\"\" width=\"825\" height=\"419\" srcset=\"http:\/\/mspontocom.com.br\/site\/wp-content\/uploads\/2021\/12\/site-instituto-livre-mercado-cria-plataforma-colaborativa-para-2022-fplm-e1638874247440.png 825w, http:\/\/mspontocom.com.br\/site\/wp-content\/uploads\/2021\/12\/site-instituto-livre-mercado-cria-plataforma-colaborativa-para-2022-fplm-e1638874247440-260x132.png 260w, http:\/\/mspontocom.com.br\/site\/wp-content\/uploads\/2021\/12\/site-instituto-livre-mercado-cria-plataforma-colaborativa-para-2022-fplm-e1638874247440-768x390.png 768w\" sizes=\"(max-width: 825px) 100vw, 825px\" \/>O\u00a0<a href=\"https:\/\/congressoemfoco.uol.com.br\/tag\/instituto-livre-mercado\">Instituto Livre Mercado<\/a>, que assessora a Frente Parlamentar pelo Livre Mercado, criou uma plataforma colaborativa para montar, com a ajuda da sociedade, uma agenda de temas para o ano que vem.<\/p>\n<p class=\"first-paragraph\" style=\"text-align: justify;\">Segundo o Instituto respons\u00e1vel pela agenda, trata-se de uma ideia in\u00e9dita: nunca uma frente parlamentar criou algo semelhante para construir a sua agenda.<\/p>\n<p style=\"text-align: justify;\">A plataforma busca propostas em cinco \u00e1reas: transforma\u00e7\u00e3o do Estado; abertura de mercados; atra\u00e7\u00e3o de investimentos; futuro do mercado de trabalho, e economia verde.<\/p>\n<p style=\"text-align: justify;\">Que busquem impacto em outras cinco \u00e1reas: carga tribut\u00e1ria; economia\/PIB; mercado de trabalho, seguran\u00e7a jur\u00eddica, e liberdade de consumo.<\/p>\n<p style=\"text-align: justify;\">fonte: Congresso em Foco<\/p>\n","protected":false},"excerpt":{"rendered":"<p>O\u00a0Instituto Livre Mercado, que assessora a Frente Parlamentar pelo Livre Mercado, criou uma plataforma colaborativa para montar, com a ajuda da sociedade, uma agenda de temas para o ano que vem. Segundo o Instituto respons\u00e1vel pela agenda, trata-se de uma ideia in\u00e9dita: nunca uma frente parlamentar criou algo semelhante para construir a sua agenda. A [&hellip;]<\/p>\n","protected":false},"author":2,"featured_media":165987,"comment_status":"open","ping_status":"open","sticky":false,"template":"","format":"standard","meta":{"_monsterinsights_skip_tracking":false,"_monsterinsights_sitenote_active":false,"_monsterinsights_sitenote_note":"","_monsterinsights_sitenote_category":0},"categories":[15,1],"tags":[],"aioseo_notices":[],"_links":{"self":[{"href":"http:\/\/mspontocom.com.br\/site\/wp-json\/wp\/v2\/posts\/165975"}],"collection":[{"href":"http:\/\/mspontocom.com.br\/site\/wp-json\/wp\/v2\/posts"}],"about":[{"href":"http:\/\/mspontocom.com.br\/site\/wp-json\/wp\/v2\/types\/post"}],"author":[{"embeddable":true,"href":"http:\/\/mspontocom.com.br\/site\/wp-json\/wp\/v2\/users\/2"}],"replies":[{"embeddable":true,"href":"http:\/\/mspontocom.com.br\/site\/wp-json\/wp\/v2\/comments?post=165975"}],"version-history":[{"count":2,"href":"http:\/\/mspontocom.com.br\/site\/wp-json\/wp\/v2\/posts\/165975\/revisions"}],"predecessor-version":[{"id":165988,"href":"http:\/\/mspontocom.com.br\/site\/wp-json\/wp\/v2\/posts\/165975\/revisions\/165988"}],"wp:featuredmedia":[{"embeddable":true,"href":"http:\/\/mspontocom.com.br\/site\/wp-json\/wp\/v2\/media\/165987"}],"wp:attachment":[{"href":"http:\/\/mspontocom.com.br\/site\/wp-json\/wp\/v2\/media?parent=165975"}],"wp:term":[{"taxonomy":"category","embeddable":true,"href":"http:\/\/mspontocom.com.br\/site\/wp-json\/wp\/v2\/categories?post=165975"},{"taxonomy":"post_tag","embeddable":true,"href":"http:\/\/mspontocom.com.br\/site\/wp-json\/wp\/v2\/tags?post=165975"}],"curies":[{"name":"wp","href":"https:\/\/api.w.org\/{rel}","templated":true}]}}