{"id":166106,"date":"2021-12-10T08:37:48","date_gmt":"2021-12-10T12:37:48","guid":{"rendered":"https:\/\/mspontocom.com.br\/site\/?p=166106"},"modified":"2021-12-10T07:43:23","modified_gmt":"2021-12-10T11:43:23","slug":"setor-produtivo-lanca-manifesto-contrarias-a-reforma-do-imposto-de-renda","status":"publish","type":"post","link":"http:\/\/mspontocom.com.br\/site\/setor-produtivo-lanca-manifesto-contrarias-a-reforma-do-imposto-de-renda\/","title":{"rendered":"Setor produtivo lan\u00e7a manifesto contr\u00e1rias \u00e0 reforma do Imposto de Renda"},"content":{"rendered":"<p style=\"text-align: justify;\"><img loading=\"lazy\" class=\"alignnone size-full wp-image-166125\" src=\"https:\/\/mspontocom.com.br\/site\/wp-content\/uploads\/2021\/12\/site-setor-produtivo-lanca-manifesto-contrarias-a-reforma-do-imposto-de-renda-ir.jpg\" alt=\"\" width=\"870\" height=\"450\" srcset=\"http:\/\/mspontocom.com.br\/site\/wp-content\/uploads\/2021\/12\/site-setor-produtivo-lanca-manifesto-contrarias-a-reforma-do-imposto-de-renda-ir.jpg 870w, http:\/\/mspontocom.com.br\/site\/wp-content\/uploads\/2021\/12\/site-setor-produtivo-lanca-manifesto-contrarias-a-reforma-do-imposto-de-renda-ir-260x134.jpg 260w, http:\/\/mspontocom.com.br\/site\/wp-content\/uploads\/2021\/12\/site-setor-produtivo-lanca-manifesto-contrarias-a-reforma-do-imposto-de-renda-ir-768x397.jpg 768w\" sizes=\"(max-width: 870px) 100vw, 870px\" \/>Cerca de 200 entidades representantes do setor produtivo divulgaram um manifesto contr\u00e1rio \u00e0 reforma do Imposto de Renda enviada pelo governo ao Congresso Nacional.<\/p>\n<p style=\"text-align: justify;\">O projeto j\u00e1 foi aprovado pela C\u00e2mara dos Deputados e agora passa por an\u00e1lise do Senado Federal.<\/p>\n<p style=\"text-align: justify;\">De acordo com o documento, o <a href=\"https:\/\/www.camara.leg.br\/proposicoesWeb\/fichadetramitacao?idProposicao=2288389\">projeto de lei 2337\/2021<\/a> n\u00e3o tem uma proposta transparente, sobretudo no que se refere a um \u201cdiagn\u00f3stico dos problemas decorrentes da legisla\u00e7\u00e3o vigente e \u00e0s estimativas minimamente confi\u00e1veis dos impactos sobre pre\u00e7os, contribuintes e entes federativos.\u201d<\/p>\n<p style=\"text-align: justify;\"><a href=\"http:\/\/file:\/\/\/C:\/Users\/Ag%C3%AAncia%20do%20R%C3%A1dio\/Downloads\/Quarto%20manifesto%20-%20206%20%20Instituic%CC%A7o%CC%83es%20(3).pdf\">Leia o manifesto na \u00edntegra<\/a><\/p>\n<p style=\"text-align: justify;\"><strong>Tabela<\/strong><\/p>\n<p style=\"text-align: justify;\">De acordo com o texto que foi aprovado na C\u00e2mara, define-se uma al\u00edquota de 18% sobre o Imposto de Renda para Pessoa Jur\u00eddica (IRPJ) e 15% sobre lucros e dividendos. Al\u00e9m disso, a al\u00edquota-base da Contribui\u00e7\u00e3o Social sobre Lucros L\u00edquidos, que tamb\u00e9m \u00e9 cobrada de empresas, \u00e9 de 8%.<\/p>\n<p style=\"text-align: justify;\">Fonte: <a href=\"https:\/\/brasil61.com\/n\/entidades-do-setor-produtivo-se-manifestam-contrarias-a-reforma-do-imposto-de-renda-pind213004\" target=\"_blank\" rel=\"noopener\">Brasil 61<\/a><\/p>\n","protected":false},"excerpt":{"rendered":"<p>Cerca de 200 entidades representantes do setor produtivo divulgaram um manifesto contr\u00e1rio \u00e0 reforma do Imposto de Renda enviada pelo governo ao Congresso Nacional. O projeto j\u00e1 foi aprovado pela C\u00e2mara dos Deputados e agora passa por an\u00e1lise do Senado Federal. De acordo com o documento, o projeto de lei 2337\/2021 n\u00e3o tem uma proposta [&hellip;]<\/p>\n","protected":false},"author":2,"featured_media":166125,"comment_status":"open","ping_status":"open","sticky":false,"template":"","format":"standard","meta":{"_monsterinsights_skip_tracking":false,"_monsterinsights_sitenote_active":false,"_monsterinsights_sitenote_note":"","_monsterinsights_sitenote_category":0},"categories":[15],"tags":[],"aioseo_notices":[],"_links":{"self":[{"href":"http:\/\/mspontocom.com.br\/site\/wp-json\/wp\/v2\/posts\/166106"}],"collection":[{"href":"http:\/\/mspontocom.com.br\/site\/wp-json\/wp\/v2\/posts"}],"about":[{"href":"http:\/\/mspontocom.com.br\/site\/wp-json\/wp\/v2\/types\/post"}],"author":[{"embeddable":true,"href":"http:\/\/mspontocom.com.br\/site\/wp-json\/wp\/v2\/users\/2"}],"replies":[{"embeddable":true,"href":"http:\/\/mspontocom.com.br\/site\/wp-json\/wp\/v2\/comments?post=166106"}],"version-history":[{"count":2,"href":"http:\/\/mspontocom.com.br\/site\/wp-json\/wp\/v2\/posts\/166106\/revisions"}],"predecessor-version":[{"id":166126,"href":"http:\/\/mspontocom.com.br\/site\/wp-json\/wp\/v2\/posts\/166106\/revisions\/166126"}],"wp:featuredmedia":[{"embeddable":true,"href":"http:\/\/mspontocom.com.br\/site\/wp-json\/wp\/v2\/media\/166125"}],"wp:attachment":[{"href":"http:\/\/mspontocom.com.br\/site\/wp-json\/wp\/v2\/media?parent=166106"}],"wp:term":[{"taxonomy":"category","embeddable":true,"href":"http:\/\/mspontocom.com.br\/site\/wp-json\/wp\/v2\/categories?post=166106"},{"taxonomy":"post_tag","embeddable":true,"href":"http:\/\/mspontocom.com.br\/site\/wp-json\/wp\/v2\/tags?post=166106"}],"curies":[{"name":"wp","href":"https:\/\/api.w.org\/{rel}","templated":true}]}}