{"id":166259,"date":"2021-12-16T06:15:28","date_gmt":"2021-12-16T10:15:28","guid":{"rendered":"https:\/\/mspontocom.com.br\/site\/?p=166259"},"modified":"2021-12-16T06:15:28","modified_gmt":"2021-12-16T10:15:28","slug":"guedes-diz-que-nao-e-o-momento-oportuno-para-reajustes-de-salario-de-servidores","status":"publish","type":"post","link":"http:\/\/mspontocom.com.br\/site\/guedes-diz-que-nao-e-o-momento-oportuno-para-reajustes-de-salario-de-servidores\/","title":{"rendered":"Guedes diz que \u2018n\u00e3o \u00e9 o momento oportuno\u2019 para reajustes de sal\u00e1rio de servidores"},"content":{"rendered":"<p style=\"text-align: justify;\"><img loading=\"lazy\" class=\"alignnone size-full wp-image-166261\" src=\"https:\/\/mspontocom.com.br\/site\/wp-content\/uploads\/2021\/12\/site-guedes-diz-que-nao-e-o-momento-oportuno-para-reajustes-de-salario-de-servidores-paulo.jpg\" alt=\"\" width=\"640\" height=\"427\" srcset=\"http:\/\/mspontocom.com.br\/site\/wp-content\/uploads\/2021\/12\/site-guedes-diz-que-nao-e-o-momento-oportuno-para-reajustes-de-salario-de-servidores-paulo.jpg 640w, http:\/\/mspontocom.com.br\/site\/wp-content\/uploads\/2021\/12\/site-guedes-diz-que-nao-e-o-momento-oportuno-para-reajustes-de-salario-de-servidores-paulo-260x173.jpg 260w\" sizes=\"(max-width: 640px) 100vw, 640px\" \/><\/p>\n<p style=\"text-align: justify;\">O ministro da Economia, Paulo Guedes, afirmou que o governo n\u00e3o passa por um \u201cmomento oportuno\u201d para fazer reajustes de servidores, mas admitiu que pode haver exce\u00e7\u00f5es para determinadas categorias, como as de seguran\u00e7a p\u00fablica.<\/p>\n<p style=\"text-align: justify;\">\u201cUma coisa se chama aumento geral de sal\u00e1rios, e esse n\u00e3o \u00e9 o momento oportuno. A economia acabou de se levantar\u201d, disse o ministro.<\/p>\n<p style=\"text-align: justify;\">A medida, no entanto, pode ser flexibilizada para algumas categorias, salientou o ministro, desde que seja feita de um jeito \u201cmuito localizado e muito limitado\u201d.<\/p>\n<p style=\"text-align: justify;\">\u201cEu entendo que \u00e9 diferente do que est\u00e1 sendo conversado a respeito da reestrutura\u00e7\u00e3o de uma carreira s\u00f3. Isso j\u00e1 aconteceu antes, uma reforma administrativa de um determinado setor\u201d, explicou o chefe da equipe econ\u00f4mica.<\/p>\n<p style=\"text-align: justify;\">O ministro da Justi\u00e7a, Anderson Torres, levou chefes de for\u00e7as de seguran\u00e7a ao gabinete de Guedes nesta segunda-feira, 13, para discutir uma reestrutura\u00e7\u00e3o de carreiras.<\/p>\n<p style=\"text-align: justify;\">Nesta quinta-feira, Guedes afirmou que \u201ch\u00e1 uma percep\u00e7\u00e3o\u201d de que algumas categorias ficaram para tr\u00e1s em governos anteriores.<\/p>\n<p style=\"text-align: justify;\">\u00a0\u201cN\u00f3s estamos conversando com muita transpar\u00eancia sobre isso, pode at\u00e9 fazer uma reestrutura\u00e7\u00e3o, uma reforma\u201d, comentou Guedes.<\/p>\n","protected":false},"excerpt":{"rendered":"<p>O ministro da Economia, Paulo Guedes, afirmou que o governo n\u00e3o passa por um \u201cmomento oportuno\u201d para fazer reajustes de servidores, mas admitiu que pode haver exce\u00e7\u00f5es para determinadas categorias, como as de seguran\u00e7a p\u00fablica. \u201cUma coisa se chama aumento geral de sal\u00e1rios, e esse n\u00e3o \u00e9 o momento oportuno. A economia acabou de se [&hellip;]<\/p>\n","protected":false},"author":2,"featured_media":166261,"comment_status":"open","ping_status":"open","sticky":false,"template":"","format":"standard","meta":{"_monsterinsights_skip_tracking":false,"_monsterinsights_sitenote_active":false,"_monsterinsights_sitenote_note":"","_monsterinsights_sitenote_category":0},"categories":[6,15],"tags":[],"aioseo_notices":[],"_links":{"self":[{"href":"http:\/\/mspontocom.com.br\/site\/wp-json\/wp\/v2\/posts\/166259"}],"collection":[{"href":"http:\/\/mspontocom.com.br\/site\/wp-json\/wp\/v2\/posts"}],"about":[{"href":"http:\/\/mspontocom.com.br\/site\/wp-json\/wp\/v2\/types\/post"}],"author":[{"embeddable":true,"href":"http:\/\/mspontocom.com.br\/site\/wp-json\/wp\/v2\/users\/2"}],"replies":[{"embeddable":true,"href":"http:\/\/mspontocom.com.br\/site\/wp-json\/wp\/v2\/comments?post=166259"}],"version-history":[{"count":2,"href":"http:\/\/mspontocom.com.br\/site\/wp-json\/wp\/v2\/posts\/166259\/revisions"}],"predecessor-version":[{"id":166262,"href":"http:\/\/mspontocom.com.br\/site\/wp-json\/wp\/v2\/posts\/166259\/revisions\/166262"}],"wp:featuredmedia":[{"embeddable":true,"href":"http:\/\/mspontocom.com.br\/site\/wp-json\/wp\/v2\/media\/166261"}],"wp:attachment":[{"href":"http:\/\/mspontocom.com.br\/site\/wp-json\/wp\/v2\/media?parent=166259"}],"wp:term":[{"taxonomy":"category","embeddable":true,"href":"http:\/\/mspontocom.com.br\/site\/wp-json\/wp\/v2\/categories?post=166259"},{"taxonomy":"post_tag","embeddable":true,"href":"http:\/\/mspontocom.com.br\/site\/wp-json\/wp\/v2\/tags?post=166259"}],"curies":[{"name":"wp","href":"https:\/\/api.w.org\/{rel}","templated":true}]}}