{"id":166332,"date":"2021-12-19T08:08:50","date_gmt":"2021-12-19T12:08:50","guid":{"rendered":"https:\/\/mspontocom.com.br\/site\/?p=166332"},"modified":"2021-12-19T08:08:50","modified_gmt":"2021-12-19T12:08:50","slug":"governo-vai-lancar-programa-de-microcredito-a-empreendedores-e-negativados","status":"publish","type":"post","link":"http:\/\/mspontocom.com.br\/site\/governo-vai-lancar-programa-de-microcredito-a-empreendedores-e-negativados\/","title":{"rendered":"Governo vai lan\u00e7ar programa de microcr\u00e9dito a empreendedores e negativados"},"content":{"rendered":"<p style=\"text-align: justify;\"><img loading=\"lazy\" class=\"alignnone size-full wp-image-166343\" src=\"https:\/\/mspontocom.com.br\/site\/wp-content\/uploads\/2021\/12\/site-governo-vai-lancar-programa-de-microcredito-a-empreendedores-e-negativados-guedes.jpg\" alt=\"\" width=\"275\" height=\"183\" srcset=\"http:\/\/mspontocom.com.br\/site\/wp-content\/uploads\/2021\/12\/site-governo-vai-lancar-programa-de-microcredito-a-empreendedores-e-negativados-guedes.jpg 275w, http:\/\/mspontocom.com.br\/site\/wp-content\/uploads\/2021\/12\/site-governo-vai-lancar-programa-de-microcredito-a-empreendedores-e-negativados-guedes-260x173.jpg 260w\" sizes=\"(max-width: 275px) 100vw, 275px\" \/><\/p>\n<p style=\"text-align: justify;\">O governo federal\u00a0\u00a0prepara um novo programa de microcr\u00e9dito voltado para micro e pequenos empreendedores e pessoas com o nome negativado no <strong>SPC<\/strong> e no<strong> Serasa. <\/strong><\/p>\n<p style=\"text-align: justify;\">\u00c0\u00a0<strong>Jovem Pan<\/strong>, pessoas pr\u00f3ximas das negocia\u00e7\u00f5es afirmaram que a linha vai liberar valores de at\u00e9 R$ 15 mil, usando recursos do FGTS.<\/p>\n<p style=\"text-align: justify;\">Estudos preliminares indicam a distribui\u00e7\u00e3o de at\u00e9 R$ 3 bilh\u00f5es em meio aos esfor\u00e7os para dar tra\u00e7\u00e3o \u00e0 economia no pr\u00f3ximo ano.<\/p>\n<p style=\"text-align: justify;\">A iniciativa ser\u00e1 capitaneada pela Caixa Econ\u00f4mica Federal, com o apoio dos<strong> Minist\u00e9rios da Economia,<\/strong> da Cidadania e do Trabalho e Previd\u00eancia.<\/p>\n<p style=\"text-align: justify;\">A medida j\u00e1 est\u00e1 em fase de gesta\u00e7\u00e3o h\u00e1 meses e deve ser anunciada pelo presidente <strong>Jair Bolsonaro\u00a0<\/strong>\u00a0(PL) no in\u00edcio de 2022.<\/p>\n<p style=\"text-align: justify;\">A iniciativa vai ser operacionalizada pelo Caixa Tem, a ferramenta digital do banco para a contrata\u00e7\u00e3o de servi\u00e7os e verifica\u00e7\u00e3o de informa\u00e7\u00f5es.<\/p>\n<p style=\"text-align: justify;\">\n","protected":false},"excerpt":{"rendered":"<p>O governo federal\u00a0\u00a0prepara um novo programa de microcr\u00e9dito voltado para micro e pequenos empreendedores e pessoas com o nome negativado no SPC e no Serasa. \u00c0\u00a0Jovem Pan, pessoas pr\u00f3ximas das negocia\u00e7\u00f5es afirmaram que a linha vai liberar valores de at\u00e9 R$ 15 mil, usando recursos do FGTS. Estudos preliminares indicam a distribui\u00e7\u00e3o de at\u00e9 R$ [&hellip;]<\/p>\n","protected":false},"author":2,"featured_media":166343,"comment_status":"open","ping_status":"open","sticky":false,"template":"","format":"standard","meta":{"_monsterinsights_skip_tracking":false,"_monsterinsights_sitenote_active":false,"_monsterinsights_sitenote_note":"","_monsterinsights_sitenote_category":0},"categories":[15],"tags":[],"aioseo_notices":[],"_links":{"self":[{"href":"http:\/\/mspontocom.com.br\/site\/wp-json\/wp\/v2\/posts\/166332"}],"collection":[{"href":"http:\/\/mspontocom.com.br\/site\/wp-json\/wp\/v2\/posts"}],"about":[{"href":"http:\/\/mspontocom.com.br\/site\/wp-json\/wp\/v2\/types\/post"}],"author":[{"embeddable":true,"href":"http:\/\/mspontocom.com.br\/site\/wp-json\/wp\/v2\/users\/2"}],"replies":[{"embeddable":true,"href":"http:\/\/mspontocom.com.br\/site\/wp-json\/wp\/v2\/comments?post=166332"}],"version-history":[{"count":2,"href":"http:\/\/mspontocom.com.br\/site\/wp-json\/wp\/v2\/posts\/166332\/revisions"}],"predecessor-version":[{"id":166344,"href":"http:\/\/mspontocom.com.br\/site\/wp-json\/wp\/v2\/posts\/166332\/revisions\/166344"}],"wp:featuredmedia":[{"embeddable":true,"href":"http:\/\/mspontocom.com.br\/site\/wp-json\/wp\/v2\/media\/166343"}],"wp:attachment":[{"href":"http:\/\/mspontocom.com.br\/site\/wp-json\/wp\/v2\/media?parent=166332"}],"wp:term":[{"taxonomy":"category","embeddable":true,"href":"http:\/\/mspontocom.com.br\/site\/wp-json\/wp\/v2\/categories?post=166332"},{"taxonomy":"post_tag","embeddable":true,"href":"http:\/\/mspontocom.com.br\/site\/wp-json\/wp\/v2\/tags?post=166332"}],"curies":[{"name":"wp","href":"https:\/\/api.w.org\/{rel}","templated":true}]}}