{"id":166353,"date":"2021-12-20T07:17:05","date_gmt":"2021-12-20T11:17:05","guid":{"rendered":"https:\/\/mspontocom.com.br\/site\/?p=166353"},"modified":"2021-12-20T07:17:05","modified_gmt":"2021-12-20T11:17:05","slug":"globo-vende-sede-em-sao-paulo-por-r-522-milhoes","status":"publish","type":"post","link":"http:\/\/mspontocom.com.br\/site\/globo-vende-sede-em-sao-paulo-por-r-522-milhoes\/","title":{"rendered":"Globo vende sede em S\u00e3o Paulo por R$ 522 milh\u00f5es"},"content":{"rendered":"<p><img loading=\"lazy\" class=\"alignnone size-full wp-image-166370\" src=\"https:\/\/mspontocom.com.br\/site\/wp-content\/uploads\/2021\/12\/site-globo-vende-sede-em-sao-paulo-por-r-522-mi-globo-15-600x400.jpg\" alt=\"\" width=\"600\" height=\"400\" srcset=\"http:\/\/mspontocom.com.br\/site\/wp-content\/uploads\/2021\/12\/site-globo-vende-sede-em-sao-paulo-por-r-522-mi-globo-15-600x400.jpg 600w, http:\/\/mspontocom.com.br\/site\/wp-content\/uploads\/2021\/12\/site-globo-vende-sede-em-sao-paulo-por-r-522-mi-globo-15-600x400-260x173.jpg 260w\" sizes=\"(max-width: 600px) 100vw, 600px\" \/><\/p>\n<p>A<strong> Globo<\/strong> vendeu sua sede em S\u00e3o Paulo por R$ 522 milh\u00f5es a um fundo imobili\u00e1rio da Vinci Partners.<\/p>\n<p>O contrato permite \u00e0 emissora a continuar ocupando o espa\u00e7o pelos pr\u00f3ximos 15 anos, renov\u00e1veis por mais 15 anos.<\/p>\n<p>O valor da aquisi\u00e7\u00e3o equivale a R$ 13.369 por m\u00b2.<\/p>\n<p>As instala\u00e7\u00f5es t\u00eam 39.000 m\u00b2 de \u00e1rea bruta, 56.000 m\u00b2 de \u00e1rea constru\u00edda. O terreno tem cerca de 43.000 m\u00b2. O pr\u00e9dio principal leva o nome de<strong> Edif\u00edcio Jornalista Roberto Marinho,<\/strong> o \u201cJRM\u201d.<\/p>\n<p>Pelo acordo, a companhia pagar\u00e1 um aluguel de R$ 84,67 por m\u00b2. Ou seja, a cifra desembolsada deve ultrapassar os R$ 3 milh\u00f5es por m\u00eas. O valor ser\u00e1 atualizado anualmente pela infla\u00e7\u00e3o, medida pelo IPCA.<\/p>\n<p>Em nota enviada ao Poder360, a Globo informou que \u201ca empresa vem buscando ampliar a sua efici\u00eancia atrav\u00e9s da capta\u00e7\u00e3o de novas fontes de receita, da racionaliza\u00e7\u00e3o na gest\u00e3o de custos e da amplia\u00e7\u00e3o da sinergia entre suas opera\u00e7\u00f5es\u201c.<\/p>\n<p>fonte: Poder 360<\/p>\n","protected":false},"excerpt":{"rendered":"<p>A Globo vendeu sua sede em S\u00e3o Paulo por R$ 522 milh\u00f5es a um fundo imobili\u00e1rio da Vinci Partners. O contrato permite \u00e0 emissora a continuar ocupando o espa\u00e7o pelos pr\u00f3ximos 15 anos, renov\u00e1veis por mais 15 anos. O valor da aquisi\u00e7\u00e3o equivale a R$ 13.369 por m\u00b2. As instala\u00e7\u00f5es t\u00eam 39.000 m\u00b2 de \u00e1rea [&hellip;]<\/p>\n","protected":false},"author":2,"featured_media":166370,"comment_status":"open","ping_status":"open","sticky":false,"template":"","format":"standard","meta":{"_monsterinsights_skip_tracking":false,"_monsterinsights_sitenote_active":false,"_monsterinsights_sitenote_note":"","_monsterinsights_sitenote_category":0},"categories":[15],"tags":[],"aioseo_notices":[],"_links":{"self":[{"href":"http:\/\/mspontocom.com.br\/site\/wp-json\/wp\/v2\/posts\/166353"}],"collection":[{"href":"http:\/\/mspontocom.com.br\/site\/wp-json\/wp\/v2\/posts"}],"about":[{"href":"http:\/\/mspontocom.com.br\/site\/wp-json\/wp\/v2\/types\/post"}],"author":[{"embeddable":true,"href":"http:\/\/mspontocom.com.br\/site\/wp-json\/wp\/v2\/users\/2"}],"replies":[{"embeddable":true,"href":"http:\/\/mspontocom.com.br\/site\/wp-json\/wp\/v2\/comments?post=166353"}],"version-history":[{"count":2,"href":"http:\/\/mspontocom.com.br\/site\/wp-json\/wp\/v2\/posts\/166353\/revisions"}],"predecessor-version":[{"id":166371,"href":"http:\/\/mspontocom.com.br\/site\/wp-json\/wp\/v2\/posts\/166353\/revisions\/166371"}],"wp:featuredmedia":[{"embeddable":true,"href":"http:\/\/mspontocom.com.br\/site\/wp-json\/wp\/v2\/media\/166370"}],"wp:attachment":[{"href":"http:\/\/mspontocom.com.br\/site\/wp-json\/wp\/v2\/media?parent=166353"}],"wp:term":[{"taxonomy":"category","embeddable":true,"href":"http:\/\/mspontocom.com.br\/site\/wp-json\/wp\/v2\/categories?post=166353"},{"taxonomy":"post_tag","embeddable":true,"href":"http:\/\/mspontocom.com.br\/site\/wp-json\/wp\/v2\/tags?post=166353"}],"curies":[{"name":"wp","href":"https:\/\/api.w.org\/{rel}","templated":true}]}}