{"id":166464,"date":"2021-12-24T07:23:04","date_gmt":"2021-12-24T11:23:04","guid":{"rendered":"https:\/\/mspontocom.com.br\/site\/?p=166464"},"modified":"2021-12-24T07:23:04","modified_gmt":"2021-12-24T11:23:04","slug":"havan-renova-com-o-flamengo-para-temporada-2022","status":"publish","type":"post","link":"http:\/\/mspontocom.com.br\/site\/havan-renova-com-o-flamengo-para-temporada-2022\/","title":{"rendered":"Havan renova com o Flamengo para temporada 2022"},"content":{"rendered":"<p><img loading=\"lazy\" class=\"alignnone size-full wp-image-166465\" src=\"https:\/\/mspontocom.com.br\/site\/wp-content\/uploads\/2021\/12\/site-havan-renova-com-o-flamengo-para-temporada-2022-havan.jpg\" alt=\"\" width=\"600\" height=\"490\" srcset=\"http:\/\/mspontocom.com.br\/site\/wp-content\/uploads\/2021\/12\/site-havan-renova-com-o-flamengo-para-temporada-2022-havan.jpg 600w, http:\/\/mspontocom.com.br\/site\/wp-content\/uploads\/2021\/12\/site-havan-renova-com-o-flamengo-para-temporada-2022-havan-260x212.jpg 260w\" sizes=\"(max-width: 600px) 100vw, 600px\" \/><\/p>\n<p>A <strong>Havan<\/strong> acaba de renovar o patroc\u00ednio com o <strong>Flamengo. <\/strong><\/p>\n<p>O contrato ter\u00e1 validade durante todo o ano de 2022.<\/p>\n<p>Com o novo patroc\u00ednio, a varejista mant\u00e9m a sua marca estampada na manga da camisa do uniforme do time profissional de futebol.<\/p>\n<p>\u201cEstamos muito felizes em poder renovar essa parceria, que iniciou no ano passado, quando a temporada j\u00e1 estava em andamento. Fomos muito bem recebidos pela torcida do Mais Querido e ser\u00e1 muito bacana para n\u00f3s continuar juntos em 2022. Temos certeza que ser\u00e1 um grande ano para o Flamengo e para a Havan\u201d, destaca o gerente de Novos Neg\u00f3cios,<strong> Lucas Hang.<\/strong><\/p>\n","protected":false},"excerpt":{"rendered":"<p>A Havan acaba de renovar o patroc\u00ednio com o Flamengo. O contrato ter\u00e1 validade durante todo o ano de 2022. Com o novo patroc\u00ednio, a varejista mant\u00e9m a sua marca estampada na manga da camisa do uniforme do time profissional de futebol. \u201cEstamos muito felizes em poder renovar essa parceria, que iniciou no ano passado, [&hellip;]<\/p>\n","protected":false},"author":2,"featured_media":166465,"comment_status":"open","ping_status":"open","sticky":false,"template":"","format":"standard","meta":{"_monsterinsights_skip_tracking":false,"_monsterinsights_sitenote_active":false,"_monsterinsights_sitenote_note":"","_monsterinsights_sitenote_category":0},"categories":[15,13],"tags":[],"aioseo_notices":[],"_links":{"self":[{"href":"http:\/\/mspontocom.com.br\/site\/wp-json\/wp\/v2\/posts\/166464"}],"collection":[{"href":"http:\/\/mspontocom.com.br\/site\/wp-json\/wp\/v2\/posts"}],"about":[{"href":"http:\/\/mspontocom.com.br\/site\/wp-json\/wp\/v2\/types\/post"}],"author":[{"embeddable":true,"href":"http:\/\/mspontocom.com.br\/site\/wp-json\/wp\/v2\/users\/2"}],"replies":[{"embeddable":true,"href":"http:\/\/mspontocom.com.br\/site\/wp-json\/wp\/v2\/comments?post=166464"}],"version-history":[{"count":1,"href":"http:\/\/mspontocom.com.br\/site\/wp-json\/wp\/v2\/posts\/166464\/revisions"}],"predecessor-version":[{"id":166466,"href":"http:\/\/mspontocom.com.br\/site\/wp-json\/wp\/v2\/posts\/166464\/revisions\/166466"}],"wp:featuredmedia":[{"embeddable":true,"href":"http:\/\/mspontocom.com.br\/site\/wp-json\/wp\/v2\/media\/166465"}],"wp:attachment":[{"href":"http:\/\/mspontocom.com.br\/site\/wp-json\/wp\/v2\/media?parent=166464"}],"wp:term":[{"taxonomy":"category","embeddable":true,"href":"http:\/\/mspontocom.com.br\/site\/wp-json\/wp\/v2\/categories?post=166464"},{"taxonomy":"post_tag","embeddable":true,"href":"http:\/\/mspontocom.com.br\/site\/wp-json\/wp\/v2\/tags?post=166464"}],"curies":[{"name":"wp","href":"https:\/\/api.w.org\/{rel}","templated":true}]}}