{"id":166566,"date":"2021-12-30T05:34:48","date_gmt":"2021-12-30T09:34:48","guid":{"rendered":"https:\/\/mspontocom.com.br\/site\/?p=166566"},"modified":"2021-12-30T05:34:48","modified_gmt":"2021-12-30T09:34:48","slug":"nao-e-hora-de-dar-reajustes-salariais-para-servidores-diz-secretario-de-paulo-guedes","status":"publish","type":"post","link":"http:\/\/mspontocom.com.br\/site\/nao-e-hora-de-dar-reajustes-salariais-para-servidores-diz-secretario-de-paulo-guedes\/","title":{"rendered":"\u2018N\u00e3o \u00e9 hora de dar reajustes salariais para servidores\u2019, diz secret\u00e1rio de Paulo Guedes"},"content":{"rendered":"<p style=\"text-align: justify;\"><img loading=\"lazy\" class=\"alignnone size-full wp-image-166568\" src=\"https:\/\/mspontocom.com.br\/site\/wp-content\/uploads\/2021\/12\/site-nao-e-hora-de-dar-reajustes-salariais-para-servidores-diz-secretario-de-paulo-guedes-adolfo-sachsida-418x235-e1640856831617.jpg\" alt=\"\" width=\"411\" height=\"219\" srcset=\"http:\/\/mspontocom.com.br\/site\/wp-content\/uploads\/2021\/12\/site-nao-e-hora-de-dar-reajustes-salariais-para-servidores-diz-secretario-de-paulo-guedes-adolfo-sachsida-418x235-e1640856831617.jpg 411w, http:\/\/mspontocom.com.br\/site\/wp-content\/uploads\/2021\/12\/site-nao-e-hora-de-dar-reajustes-salariais-para-servidores-diz-secretario-de-paulo-guedes-adolfo-sachsida-418x235-e1640856831617-260x139.jpg 260w\" sizes=\"(max-width: 411px) 100vw, 411px\" \/><\/p>\n<p style=\"text-align: justify;\">O secret\u00e1rio de pol\u00edtica econ\u00f4mica do Minist\u00e9rio da Economia, <strong>Adolfo Sachsida<\/strong>, afirmou que n\u00e3o \u00e9 um momento apropriado para se conceder<strong> reajustes salariais\u00a0aos servidores p\u00fablicos.<\/strong><\/p>\n<p style=\"text-align: justify;\">A declara\u00e7\u00e3o foi feita durante participa\u00e7\u00e3o no programa Os Pingos Nos Is, da\u00a0<strong>Jovem Pan News<\/strong>, nesta quarta, 29.<\/p>\n<p style=\"text-align: justify;\">Segundo o secret\u00e1rio, o dinheiro que poderia ser utilizado para tal tamb\u00e9m pode ser destinado a popula\u00e7\u00f5es mais pobres ou a cortes de impostos, e destacou que o teto de gastos imp\u00f5e que cada aumento de gastos indique onde vai ser cortado.<\/p>\n<p style=\"text-align: justify;\">\u201cEu n\u00e3o quero sacrificar a pr\u00f3xima gera\u00e7\u00e3o para ter aumento. Temos que reservar nossos recursos para combater a pandemia e para ajudar os mais necessitados. N\u00e3o \u00e9 o momento de reajustes salariais&#8221;, concluiu.<\/p>\n","protected":false},"excerpt":{"rendered":"<p>O secret\u00e1rio de pol\u00edtica econ\u00f4mica do Minist\u00e9rio da Economia, Adolfo Sachsida, afirmou que n\u00e3o \u00e9 um momento apropriado para se conceder reajustes salariais\u00a0aos servidores p\u00fablicos. A declara\u00e7\u00e3o foi feita durante participa\u00e7\u00e3o no programa Os Pingos Nos Is, da\u00a0Jovem Pan News, nesta quarta, 29. Segundo o secret\u00e1rio, o dinheiro que poderia ser utilizado para tal tamb\u00e9m [&hellip;]<\/p>\n","protected":false},"author":2,"featured_media":166568,"comment_status":"open","ping_status":"open","sticky":false,"template":"","format":"standard","meta":{"_monsterinsights_skip_tracking":false,"_monsterinsights_sitenote_active":false,"_monsterinsights_sitenote_note":"","_monsterinsights_sitenote_category":0},"categories":[15],"tags":[],"aioseo_notices":[],"_links":{"self":[{"href":"http:\/\/mspontocom.com.br\/site\/wp-json\/wp\/v2\/posts\/166566"}],"collection":[{"href":"http:\/\/mspontocom.com.br\/site\/wp-json\/wp\/v2\/posts"}],"about":[{"href":"http:\/\/mspontocom.com.br\/site\/wp-json\/wp\/v2\/types\/post"}],"author":[{"embeddable":true,"href":"http:\/\/mspontocom.com.br\/site\/wp-json\/wp\/v2\/users\/2"}],"replies":[{"embeddable":true,"href":"http:\/\/mspontocom.com.br\/site\/wp-json\/wp\/v2\/comments?post=166566"}],"version-history":[{"count":1,"href":"http:\/\/mspontocom.com.br\/site\/wp-json\/wp\/v2\/posts\/166566\/revisions"}],"predecessor-version":[{"id":166569,"href":"http:\/\/mspontocom.com.br\/site\/wp-json\/wp\/v2\/posts\/166566\/revisions\/166569"}],"wp:featuredmedia":[{"embeddable":true,"href":"http:\/\/mspontocom.com.br\/site\/wp-json\/wp\/v2\/media\/166568"}],"wp:attachment":[{"href":"http:\/\/mspontocom.com.br\/site\/wp-json\/wp\/v2\/media?parent=166566"}],"wp:term":[{"taxonomy":"category","embeddable":true,"href":"http:\/\/mspontocom.com.br\/site\/wp-json\/wp\/v2\/categories?post=166566"},{"taxonomy":"post_tag","embeddable":true,"href":"http:\/\/mspontocom.com.br\/site\/wp-json\/wp\/v2\/tags?post=166566"}],"curies":[{"name":"wp","href":"https:\/\/api.w.org\/{rel}","templated":true}]}}