{"id":166628,"date":"2022-01-03T06:14:52","date_gmt":"2022-01-03T10:14:52","guid":{"rendered":"https:\/\/mspontocom.com.br\/site\/?p=166628"},"modified":"2022-01-03T06:14:52","modified_gmt":"2022-01-03T10:14:52","slug":"micro-e-pequenas-empresas-poderao-ter-preferencia-nas-parcerias-dos-institutos-federais","status":"publish","type":"post","link":"http:\/\/mspontocom.com.br\/site\/micro-e-pequenas-empresas-poderao-ter-preferencia-nas-parcerias-dos-institutos-federais\/","title":{"rendered":"Micro e pequenas empresas poder\u00e3o ter prefer\u00eancia nas parcerias dos Institutos Federais"},"content":{"rendered":"<p style=\"text-align: justify;\"><img loading=\"lazy\" class=\"alignnone size-full wp-image-166644\" src=\"https:\/\/mspontocom.com.br\/site\/wp-content\/uploads\/2022\/01\/site-micro-e-pequenas-empresas-poderao-ter-preferencia-nas-parcerias-dos-institutos-federais-micro.jpg\" alt=\"\" width=\"800\" height=\"440\" srcset=\"http:\/\/mspontocom.com.br\/site\/wp-content\/uploads\/2022\/01\/site-micro-e-pequenas-empresas-poderao-ter-preferencia-nas-parcerias-dos-institutos-federais-micro.jpg 800w, http:\/\/mspontocom.com.br\/site\/wp-content\/uploads\/2022\/01\/site-micro-e-pequenas-empresas-poderao-ter-preferencia-nas-parcerias-dos-institutos-federais-micro-260x143.jpg 260w, http:\/\/mspontocom.com.br\/site\/wp-content\/uploads\/2022\/01\/site-micro-e-pequenas-empresas-poderao-ter-preferencia-nas-parcerias-dos-institutos-federais-micro-768x422.jpg 768w\" sizes=\"(max-width: 800px) 100vw, 800px\" \/><strong>Microempreendedores<\/strong> individuais e<strong> empresas de micro e pequeno porte<\/strong> poder\u00e3o ter prefer\u00eancia nas parcerias estabelecidas entre os <strong>Institutos Federais<\/strong> (Educa\u00e7\u00e3o Profissional, Cient\u00edfica e Tecnol\u00f3gica) e o setor produtivo.<\/p>\n<p style=\"text-align: justify;\">O projeto de lei <a href=\"https:\/\/www.camara.leg.br\/proposicoesWeb\/fichadetramitacao?idProposicao=2252875\">(2731\/2020)<\/a> que estabelece a medida ainda est\u00e1 em tramita\u00e7\u00e3o na C\u00e2mara dos Deputados e tem o objetivo de fomentar a inova\u00e7\u00e3o e a apropria\u00e7\u00e3o de avan\u00e7os tecnol\u00f3gicos pelos empres\u00e1rios de micro e pequeno porte.<\/p>\n<p style=\"text-align: justify;\">O deputado federal <a href=\"https:\/\/www.camara.leg.br\/deputados\/204455\">Luiz Lima<\/a> (PSL\/RJ), relator do projeto na Comiss\u00e3o de Ci\u00eancia e Tecnologia, Comunica\u00e7\u00e3o e Inform\u00e1tica da C\u00e2mara dos Deputados (CCTCI), destaca o papel desses empreendimentos na economia brasileira.<\/p>\n<p style=\"text-align: justify;\">\u201cOs empreendimentos de pequeno e m\u00e9dio porte representam uma for\u00e7a produtiva fundamental para a economia brasileira. As micro e pequenas empresas respondem por 30% da produ\u00e7\u00e3o econ\u00f4mica do Brasil e s\u00e3o respons\u00e1veis pela grande maioria dos empregos gerados no pa\u00eds.\u201d<\/p>\n<h2 style=\"text-align: justify;\">Parcerias<\/h2>\n<p style=\"text-align: justify;\">Outro exemplo de apoio \u00e0s micro e pequenas empresas \u00e9 o <a href=\"https:\/\/portal.ifsuldeminas.edu.br\/index.php\/noticias-proex\/4175-if-mais-empreendedor-nacional-2021\">programa IF Mais Empreendedor Nacional<\/a>.<\/p>\n<p style=\"text-align: justify;\">A Secretaria de Educa\u00e7\u00e3o Profissional e Tecnol\u00f3gica, ligada ao Minist\u00e9rio da Educa\u00e7\u00e3o investiu nesse edital mais de R$ 6 milh\u00f5es, com o objetivo de atender, apoiar e orientar micro e pequenos empreendedores e \u00a0individuais, principalmente por meio de a\u00e7\u00f5es de remodelagem de neg\u00f3cios que foram afetados negativamente pela pandemia da Covid-19.<\/p>\n<p style=\"text-align: justify;\">Fonte: <a href=\"https:\/\/brasil61.com\/n\/micro-e-pequenas-empresas-poderao-ter-preferencia-nas-parcerias-dos-institutos-federais-com-o-setor-produtivo-pind213038\" target=\"_blank\" rel=\"noopener\">Brasil 61<\/a><\/p>\n","protected":false},"excerpt":{"rendered":"<p>Microempreendedores individuais e empresas de micro e pequeno porte poder\u00e3o ter prefer\u00eancia nas parcerias estabelecidas entre os Institutos Federais (Educa\u00e7\u00e3o Profissional, Cient\u00edfica e Tecnol\u00f3gica) e o setor produtivo. O projeto de lei (2731\/2020) que estabelece a medida ainda est\u00e1 em tramita\u00e7\u00e3o na C\u00e2mara dos Deputados e tem o objetivo de fomentar a inova\u00e7\u00e3o e a [&hellip;]<\/p>\n","protected":false},"author":2,"featured_media":166644,"comment_status":"open","ping_status":"open","sticky":false,"template":"","format":"standard","meta":{"_monsterinsights_skip_tracking":false,"_monsterinsights_sitenote_active":false,"_monsterinsights_sitenote_note":"","_monsterinsights_sitenote_category":0},"categories":[15],"tags":[],"aioseo_notices":[],"_links":{"self":[{"href":"http:\/\/mspontocom.com.br\/site\/wp-json\/wp\/v2\/posts\/166628"}],"collection":[{"href":"http:\/\/mspontocom.com.br\/site\/wp-json\/wp\/v2\/posts"}],"about":[{"href":"http:\/\/mspontocom.com.br\/site\/wp-json\/wp\/v2\/types\/post"}],"author":[{"embeddable":true,"href":"http:\/\/mspontocom.com.br\/site\/wp-json\/wp\/v2\/users\/2"}],"replies":[{"embeddable":true,"href":"http:\/\/mspontocom.com.br\/site\/wp-json\/wp\/v2\/comments?post=166628"}],"version-history":[{"count":2,"href":"http:\/\/mspontocom.com.br\/site\/wp-json\/wp\/v2\/posts\/166628\/revisions"}],"predecessor-version":[{"id":166645,"href":"http:\/\/mspontocom.com.br\/site\/wp-json\/wp\/v2\/posts\/166628\/revisions\/166645"}],"wp:featuredmedia":[{"embeddable":true,"href":"http:\/\/mspontocom.com.br\/site\/wp-json\/wp\/v2\/media\/166644"}],"wp:attachment":[{"href":"http:\/\/mspontocom.com.br\/site\/wp-json\/wp\/v2\/media?parent=166628"}],"wp:term":[{"taxonomy":"category","embeddable":true,"href":"http:\/\/mspontocom.com.br\/site\/wp-json\/wp\/v2\/categories?post=166628"},{"taxonomy":"post_tag","embeddable":true,"href":"http:\/\/mspontocom.com.br\/site\/wp-json\/wp\/v2\/tags?post=166628"}],"curies":[{"name":"wp","href":"https:\/\/api.w.org\/{rel}","templated":true}]}}