{"id":166655,"date":"2022-01-04T07:36:31","date_gmt":"2022-01-04T11:36:31","guid":{"rendered":"https:\/\/mspontocom.com.br\/site\/?p=166655"},"modified":"2022-01-04T08:36:56","modified_gmt":"2022-01-04T12:36:56","slug":"balanca-comercial-do-brasil-deve-fechar-2022-com-superavit-de-us794-bilhoes","status":"publish","type":"post","link":"http:\/\/mspontocom.com.br\/site\/balanca-comercial-do-brasil-deve-fechar-2022-com-superavit-de-us794-bilhoes\/","title":{"rendered":"Balan\u00e7a comercial do Brasil deve fechar 2022 com super\u00e1vit de US$79,4 bilh\u00f5es"},"content":{"rendered":"<p style=\"text-align: justify;\"><img loading=\"lazy\" class=\"alignnone size-full wp-image-166676\" src=\"https:\/\/mspontocom.com.br\/site\/wp-content\/uploads\/2022\/01\/site-balanca-comercial-do-brasil-deve-fechar-2022-com-superavit-de-us794-bilhoes-guedes1.jpg\" alt=\"\" width=\"274\" height=\"184\" srcset=\"http:\/\/mspontocom.com.br\/site\/wp-content\/uploads\/2022\/01\/site-balanca-comercial-do-brasil-deve-fechar-2022-com-superavit-de-us794-bilhoes-guedes1.jpg 274w, http:\/\/mspontocom.com.br\/site\/wp-content\/uploads\/2022\/01\/site-balanca-comercial-do-brasil-deve-fechar-2022-com-superavit-de-us794-bilhoes-guedes1-260x175.jpg 260w\" sizes=\"(max-width: 274px) 100vw, 274px\" \/><\/p>\n<p style=\"text-align: justify;\">Apesar do aumento das importa\u00e7\u00f5es nos \u00faltimos meses, o Minist\u00e9rio da Economia projeta que a balan\u00e7a comercial \u2013 diferen\u00e7a entre exporta\u00e7\u00f5es e importa\u00e7\u00f5es \u2013 continuar\u00e1 a crescer e encerrar\u00e1 2022 com super\u00e1vit de US$ 79,4 bilh\u00f5es. A estimativa \u00e9 30,1% maior que o super\u00e1vit recorde de US$ 61,01 bilh\u00f5es registrado no ano passado.<\/p>\n<p style=\"text-align: justify;\">O valor est\u00e1 mais otimista do que as previs\u00f5es de mercado. Segundo o boletim Focus \u2013 pesquisa semanal com institui\u00e7\u00f5es financeiras divulgada pelo Banco Central \u2013, analistas econ\u00f4micos projetam super\u00e1vit comercial de US$ 55 bilh\u00f5es para este ano.<\/p>\n<p style=\"text-align: justify;\">O secret\u00e1rio de Com\u00e9rcio Exterior do Minist\u00e9rio da Economia, Lucas Ferraz, disse que as estimativas s\u00e3o preliminares e que n\u00e3o consideram uma eventual nova onda de covid-19, que poderia paralisar temporariamente o com\u00e9rcio global. \u201cAs incertezas continuam grandes no mercado externo. H\u00e1 dificuldade enorme de fazer proje\u00e7\u00f5es para 2022\u201d, justificou.<\/p>\n<p style=\"text-align: justify;\">Na avalia\u00e7\u00e3o do secret\u00e1rio, mesmo com tantas incertezas, existe espa\u00e7o para otimismo em rela\u00e7\u00e3o \u00e0 balan\u00e7a comercial. Segundo Ferraz, os pre\u00e7os das\u00a0<em>commodities<\/em>\u00a0(bens prim\u00e1rios com cota\u00e7\u00e3o internacional) dever\u00e3o cair um pouco em 2022, mas a safra recorde de gr\u00e3os, estimada em 291,1 milh\u00f5es de toneladas, e a recupera\u00e7\u00e3o do mercado de trabalho e dos servi\u00e7os continuar\u00e3o a dar estabilidade \u00e0s exporta\u00e7\u00f5es brasileiras.<\/p>\n<p style=\"text-align: justify;\">Enquanto as vendas para o exterior continuar\u00e3o relativamente est\u00e1veis, as importa\u00e7\u00f5es dever\u00e3o cair, impulsionando o super\u00e1vit comercial. Segundo o Minist\u00e9rio da Economia, as exporta\u00e7\u00f5es crescer\u00e3o 1,4% em 2022 e encerrar\u00e3o o ano em US$ 284,3 bilh\u00f5es. Para as importa\u00e7\u00f5es, a proje\u00e7\u00e3o est\u00e1 em US$ 204,9 bilh\u00f5es, recuo de 6,6% em rela\u00e7\u00e3o ao ano passado.<\/p>\n<h2 style=\"text-align: justify;\">Importa\u00e7\u00f5es<\/h2>\n<p style=\"text-align: justify;\">Para 2021, a pasta previa originalmente que o super\u00e1vit comercial encerraria 2021 em US$ 70,9 bilh\u00f5es. No entanto, o resultado final ficou quase US$ 10 bilh\u00f5es inferior \u00e0 estimativa. O secret\u00e1rio de Com\u00e9rcio Exterior disse que o saldo menor decorreu do aumento das importa\u00e7\u00f5es, que superaram as previs\u00f5es do governo.<\/p>\n<p style=\"text-align: justify;\">No ano passado, as exporta\u00e7\u00f5es bateram recorde. O Brasil vendeu para o exterior US$ 280,39 bilh\u00f5es, com alta de 34% em rela\u00e7\u00e3o a 2020 pelo crit\u00e9rio da m\u00e9dia di\u00e1ria. As importa\u00e7\u00f5es ficaram longe do recorde registrado em 2013, mas cresceram em ritmo maior. Em 2021, o Brasil comprou US$ 219,39 bilh\u00f5es do exterior, alta de 38,2% na mesma compara\u00e7\u00e3o.<\/p>\n<p style=\"text-align: justify;\">Segundo o Minist\u00e9rio da Economia, dois fatores explicam a alta das importa\u00e7\u00f5es no ano passado. O primeiro \u00e9 a recupera\u00e7\u00e3o da economia, que elevou o consumo e a compra de itens que estavam represados desde o in\u00edcio da pandemia de covid-19. O segundo \u00e9 a alta internacional do petr\u00f3leo, que aumentou o valor importado de combust\u00edveis e de insumos como fertilizantes.<\/p>\n<p style=\"text-align: justify;\">fonte: (ABr)<\/p>\n","protected":false},"excerpt":{"rendered":"<p>Apesar do aumento das importa\u00e7\u00f5es nos \u00faltimos meses, o Minist\u00e9rio da Economia projeta que a balan\u00e7a comercial \u2013 diferen\u00e7a entre exporta\u00e7\u00f5es e importa\u00e7\u00f5es \u2013 continuar\u00e1 a crescer e encerrar\u00e1 2022 com super\u00e1vit de US$ 79,4 bilh\u00f5es. A estimativa \u00e9 30,1% maior que o super\u00e1vit recorde de US$ 61,01 bilh\u00f5es registrado no ano passado. O valor [&hellip;]<\/p>\n","protected":false},"author":2,"featured_media":166676,"comment_status":"open","ping_status":"open","sticky":false,"template":"","format":"standard","meta":{"_monsterinsights_skip_tracking":false,"_monsterinsights_sitenote_active":false,"_monsterinsights_sitenote_note":"","_monsterinsights_sitenote_category":0},"categories":[15],"tags":[],"aioseo_notices":[],"_links":{"self":[{"href":"http:\/\/mspontocom.com.br\/site\/wp-json\/wp\/v2\/posts\/166655"}],"collection":[{"href":"http:\/\/mspontocom.com.br\/site\/wp-json\/wp\/v2\/posts"}],"about":[{"href":"http:\/\/mspontocom.com.br\/site\/wp-json\/wp\/v2\/types\/post"}],"author":[{"embeddable":true,"href":"http:\/\/mspontocom.com.br\/site\/wp-json\/wp\/v2\/users\/2"}],"replies":[{"embeddable":true,"href":"http:\/\/mspontocom.com.br\/site\/wp-json\/wp\/v2\/comments?post=166655"}],"version-history":[{"count":3,"href":"http:\/\/mspontocom.com.br\/site\/wp-json\/wp\/v2\/posts\/166655\/revisions"}],"predecessor-version":[{"id":166678,"href":"http:\/\/mspontocom.com.br\/site\/wp-json\/wp\/v2\/posts\/166655\/revisions\/166678"}],"wp:featuredmedia":[{"embeddable":true,"href":"http:\/\/mspontocom.com.br\/site\/wp-json\/wp\/v2\/media\/166676"}],"wp:attachment":[{"href":"http:\/\/mspontocom.com.br\/site\/wp-json\/wp\/v2\/media?parent=166655"}],"wp:term":[{"taxonomy":"category","embeddable":true,"href":"http:\/\/mspontocom.com.br\/site\/wp-json\/wp\/v2\/categories?post=166655"},{"taxonomy":"post_tag","embeddable":true,"href":"http:\/\/mspontocom.com.br\/site\/wp-json\/wp\/v2\/tags?post=166655"}],"curies":[{"name":"wp","href":"https:\/\/api.w.org\/{rel}","templated":true}]}}