{"id":166796,"date":"2022-01-09T08:00:43","date_gmt":"2022-01-09T12:00:43","guid":{"rendered":"https:\/\/mspontocom.com.br\/site\/?p=166796"},"modified":"2022-01-09T08:00:43","modified_gmt":"2022-01-09T12:00:43","slug":"bolsonaro-pode-ser-que-nao-tenha-reajuste-para-ninguem","status":"publish","type":"post","link":"http:\/\/mspontocom.com.br\/site\/bolsonaro-pode-ser-que-nao-tenha-reajuste-para-ninguem\/","title":{"rendered":"Bolsonaro: &#8220;Pode ser que n\u00e3o tenha reajuste para ningu\u00e9m&#8221;"},"content":{"rendered":"<p style=\"text-align: justify;\"><img loading=\"lazy\" class=\"alignnone size-full wp-image-166807\" src=\"https:\/\/mspontocom.com.br\/site\/wp-content\/uploads\/2022\/01\/site-bolsonaro-pode-ser-que-nao-tenha-reajuste-para-ninguem-bolsonaro-09122021145421420.jpeg\" alt=\"\" width=\"771\" height=\"420\" srcset=\"http:\/\/mspontocom.com.br\/site\/wp-content\/uploads\/2022\/01\/site-bolsonaro-pode-ser-que-nao-tenha-reajuste-para-ninguem-bolsonaro-09122021145421420.jpeg 771w, http:\/\/mspontocom.com.br\/site\/wp-content\/uploads\/2022\/01\/site-bolsonaro-pode-ser-que-nao-tenha-reajuste-para-ninguem-bolsonaro-09122021145421420-260x142.jpeg 260w, http:\/\/mspontocom.com.br\/site\/wp-content\/uploads\/2022\/01\/site-bolsonaro-pode-ser-que-nao-tenha-reajuste-para-ninguem-bolsonaro-09122021145421420-768x418.jpeg 768w\" sizes=\"(max-width: 771px) 100vw, 771px\" \/>Em meio \u00e0 ades\u00e3o em massa dos servidores p\u00fablicos federais ao movimento de opera\u00e7\u00e3o padr\u00e3o e entrega de cargos comissionados no governo, o presidente<strong> Jair Bolsonaro<\/strong> pediu sensibilidade ao funcionalismo e reafirmou que n\u00e3o h\u00e1 espa\u00e7o no or\u00e7amento para reajustes salariais neste ano.<\/p>\n<p style=\"text-align: justify;\">Ele admitiu que at\u00e9 a Pol\u00edcia Federal (PF) e a Pol\u00edcia Rodovi\u00e1ria Federal (PRF) podem ficar sem aumento em 2022.<\/p>\n<p style=\"text-align: justify;\"><strong>&#8220;Primeiramente, n\u00e3o est\u00e1 garantido o reajuste para ningu\u00e9m. Tem uma reserva de R$ 2 bilh\u00f5es que poderia ser usada para a PF e a PRF, al\u00e9m do pessoal do sistema prisional. Mas outras categorias viram isso e disseram &#8216;eu tamb\u00e9m quero&#8217;, e veio essa onda toda&#8221;,<\/strong> afirmou Bolsonaro.<\/p>\n<p style=\"text-align: justify;\">Bolsonaro lembrou que os servidores est\u00e3o sem reajustes h\u00e1 tr\u00eas anos e passaram a contribuir mais ap\u00f3s a reforma da Previd\u00eancia<\/p>\n<p style=\"text-align: justify;\">O movimento come\u00e7ou ap\u00f3s o presidente Bolsonaro anunciar em dezembro que faria uma reestrutura\u00e7\u00e3o das carreiras policiais ligadas ao Minist\u00e9rio da Justi\u00e7a, como a Pol\u00edcia Federal e a Pol\u00edcia Rodovi\u00e1ria Federal.<\/p>\n<p style=\"text-align: justify;\">\n<p style=\"text-align: justify;\">fonte: O Estado<\/p>\n","protected":false},"excerpt":{"rendered":"<p>Em meio \u00e0 ades\u00e3o em massa dos servidores p\u00fablicos federais ao movimento de opera\u00e7\u00e3o padr\u00e3o e entrega de cargos comissionados no governo, o presidente Jair Bolsonaro pediu sensibilidade ao funcionalismo e reafirmou que n\u00e3o h\u00e1 espa\u00e7o no or\u00e7amento para reajustes salariais neste ano. Ele admitiu que at\u00e9 a Pol\u00edcia Federal (PF) e a Pol\u00edcia Rodovi\u00e1ria [&hellip;]<\/p>\n","protected":false},"author":2,"featured_media":166807,"comment_status":"open","ping_status":"open","sticky":false,"template":"","format":"standard","meta":{"_monsterinsights_skip_tracking":false,"_monsterinsights_sitenote_active":false,"_monsterinsights_sitenote_note":"","_monsterinsights_sitenote_category":0},"categories":[15,1],"tags":[],"aioseo_notices":[],"_links":{"self":[{"href":"http:\/\/mspontocom.com.br\/site\/wp-json\/wp\/v2\/posts\/166796"}],"collection":[{"href":"http:\/\/mspontocom.com.br\/site\/wp-json\/wp\/v2\/posts"}],"about":[{"href":"http:\/\/mspontocom.com.br\/site\/wp-json\/wp\/v2\/types\/post"}],"author":[{"embeddable":true,"href":"http:\/\/mspontocom.com.br\/site\/wp-json\/wp\/v2\/users\/2"}],"replies":[{"embeddable":true,"href":"http:\/\/mspontocom.com.br\/site\/wp-json\/wp\/v2\/comments?post=166796"}],"version-history":[{"count":2,"href":"http:\/\/mspontocom.com.br\/site\/wp-json\/wp\/v2\/posts\/166796\/revisions"}],"predecessor-version":[{"id":166808,"href":"http:\/\/mspontocom.com.br\/site\/wp-json\/wp\/v2\/posts\/166796\/revisions\/166808"}],"wp:featuredmedia":[{"embeddable":true,"href":"http:\/\/mspontocom.com.br\/site\/wp-json\/wp\/v2\/media\/166807"}],"wp:attachment":[{"href":"http:\/\/mspontocom.com.br\/site\/wp-json\/wp\/v2\/media?parent=166796"}],"wp:term":[{"taxonomy":"category","embeddable":true,"href":"http:\/\/mspontocom.com.br\/site\/wp-json\/wp\/v2\/categories?post=166796"},{"taxonomy":"post_tag","embeddable":true,"href":"http:\/\/mspontocom.com.br\/site\/wp-json\/wp\/v2\/tags?post=166796"}],"curies":[{"name":"wp","href":"https:\/\/api.w.org\/{rel}","templated":true}]}}