{"id":166971,"date":"2022-01-15T07:09:56","date_gmt":"2022-01-15T11:09:56","guid":{"rendered":"https:\/\/mspontocom.com.br\/site\/?p=166971"},"modified":"2022-01-15T07:09:56","modified_gmt":"2022-01-15T11:09:56","slug":"governadores-decidem-descongelar-icms-sobre-combustiveis-em-fevereiro","status":"publish","type":"post","link":"http:\/\/mspontocom.com.br\/site\/governadores-decidem-descongelar-icms-sobre-combustiveis-em-fevereiro\/","title":{"rendered":"Governadores decidem descongelar ICMS sobre combust\u00edveis em fevereiro"},"content":{"rendered":"<p style=\"text-align: justify;\"><img loading=\"lazy\" class=\"alignnone size-full wp-image-166972\" src=\"https:\/\/mspontocom.com.br\/site\/wp-content\/uploads\/2022\/01\/site-governadores-decidem-descongelar-icms-sobre-combustiveis-em-fevereiro-bomba.jpg\" alt=\"\" width=\"275\" height=\"183\" srcset=\"http:\/\/mspontocom.com.br\/site\/wp-content\/uploads\/2022\/01\/site-governadores-decidem-descongelar-icms-sobre-combustiveis-em-fevereiro-bomba.jpg 275w, http:\/\/mspontocom.com.br\/site\/wp-content\/uploads\/2022\/01\/site-governadores-decidem-descongelar-icms-sobre-combustiveis-em-fevereiro-bomba-260x173.jpg 260w\" sizes=\"(max-width: 275px) 100vw, 275px\" \/><\/p>\n<p style=\"text-align: justify;\">Diante da volta dos reajustes da <strong>Petrobras,<\/strong> governadores \u00a0decidiram por manter o congelamento do <strong>ICMS<\/strong> sobre os combust\u00edveis somente at\u00e9 o final deste m\u00eas.<\/p>\n<p style=\"text-align: justify;\"><strong>A medida, que come\u00e7ou a valer em novembro por 90 dias, ser\u00e1 descontinuada em fevereiro.<\/strong><\/p>\n<p style=\"text-align: justify;\">Os estados e o Distrito Federal decidiram suspender o aumento do imposto pela varia\u00e7\u00e3o dos pre\u00e7os de gasolina e diesel no in\u00edcio do m\u00eas de novembro.<\/p>\n<p style=\"text-align: justify;\">A decis\u00e3o, no entanto, vigorava at\u00e9 o fim de janeiro e n\u00e3o ser\u00e1 renovada.<\/p>\n<p style=\"text-align: justify;\"><a href=\"https:\/\/congressoemfoco.uol.com.br\/area\/pais\/reajuste-no-preco-dos-combustiveis-passa-a-valer-nesta-quarta\/\">O novo reajuste da Petrobras<\/a>\u00a0entrou em vigor na \u00faltima quarta-feira (12).<\/p>\n<p style=\"text-align: justify;\">O litro da gasolina come\u00e7ou a ser vendido para as distribuidoras no valor de R$ 3,24, com alta de 4,8%. Antes eram cobrados R$ 3,09.<\/p>\n","protected":false},"excerpt":{"rendered":"<p>Diante da volta dos reajustes da Petrobras, governadores \u00a0decidiram por manter o congelamento do ICMS sobre os combust\u00edveis somente at\u00e9 o final deste m\u00eas. A medida, que come\u00e7ou a valer em novembro por 90 dias, ser\u00e1 descontinuada em fevereiro. Os estados e o Distrito Federal decidiram suspender o aumento do imposto pela varia\u00e7\u00e3o dos pre\u00e7os [&hellip;]<\/p>\n","protected":false},"author":2,"featured_media":166972,"comment_status":"open","ping_status":"open","sticky":false,"template":"","format":"standard","meta":{"_monsterinsights_skip_tracking":false,"_monsterinsights_sitenote_active":false,"_monsterinsights_sitenote_note":"","_monsterinsights_sitenote_category":0},"categories":[15],"tags":[],"aioseo_notices":[],"_links":{"self":[{"href":"http:\/\/mspontocom.com.br\/site\/wp-json\/wp\/v2\/posts\/166971"}],"collection":[{"href":"http:\/\/mspontocom.com.br\/site\/wp-json\/wp\/v2\/posts"}],"about":[{"href":"http:\/\/mspontocom.com.br\/site\/wp-json\/wp\/v2\/types\/post"}],"author":[{"embeddable":true,"href":"http:\/\/mspontocom.com.br\/site\/wp-json\/wp\/v2\/users\/2"}],"replies":[{"embeddable":true,"href":"http:\/\/mspontocom.com.br\/site\/wp-json\/wp\/v2\/comments?post=166971"}],"version-history":[{"count":1,"href":"http:\/\/mspontocom.com.br\/site\/wp-json\/wp\/v2\/posts\/166971\/revisions"}],"predecessor-version":[{"id":166973,"href":"http:\/\/mspontocom.com.br\/site\/wp-json\/wp\/v2\/posts\/166971\/revisions\/166973"}],"wp:featuredmedia":[{"embeddable":true,"href":"http:\/\/mspontocom.com.br\/site\/wp-json\/wp\/v2\/media\/166972"}],"wp:attachment":[{"href":"http:\/\/mspontocom.com.br\/site\/wp-json\/wp\/v2\/media?parent=166971"}],"wp:term":[{"taxonomy":"category","embeddable":true,"href":"http:\/\/mspontocom.com.br\/site\/wp-json\/wp\/v2\/categories?post=166971"},{"taxonomy":"post_tag","embeddable":true,"href":"http:\/\/mspontocom.com.br\/site\/wp-json\/wp\/v2\/tags?post=166971"}],"curies":[{"name":"wp","href":"https:\/\/api.w.org\/{rel}","templated":true}]}}