{"id":166978,"date":"2022-01-15T06:35:23","date_gmt":"2022-01-15T10:35:23","guid":{"rendered":"https:\/\/mspontocom.com.br\/site\/?p=166978"},"modified":"2022-01-15T07:43:44","modified_gmt":"2022-01-15T11:43:44","slug":"abertas-as-inscricoes-para-o-9-congresso-de-inovacao-da-industria","status":"publish","type":"post","link":"http:\/\/mspontocom.com.br\/site\/abertas-as-inscricoes-para-o-9-congresso-de-inovacao-da-industria\/","title":{"rendered":"Abertas as inscri\u00e7\u00f5es para o 9\u00b0 Congresso de Inova\u00e7\u00e3o da Ind\u00fastria"},"content":{"rendered":"<p style=\"text-align: justify;\"><img loading=\"lazy\" class=\"alignnone size-full wp-image-166979\" src=\"https:\/\/mspontocom.com.br\/site\/wp-content\/uploads\/2022\/01\/site-abertas-as-inscricoes-para-o-9-congresso-de-inovacao-da-industria-ind.jpg\" alt=\"\" width=\"262\" height=\"192\" srcset=\"http:\/\/mspontocom.com.br\/site\/wp-content\/uploads\/2022\/01\/site-abertas-as-inscricoes-para-o-9-congresso-de-inovacao-da-industria-ind.jpg 262w, http:\/\/mspontocom.com.br\/site\/wp-content\/uploads\/2022\/01\/site-abertas-as-inscricoes-para-o-9-congresso-de-inovacao-da-industria-ind-260x191.jpg 260w\" sizes=\"(max-width: 262px) 100vw, 262px\" \/><\/p>\n<p style=\"text-align: justify;\">Est\u00e3o abertas as inscri\u00e7\u00f5es para o\u00a0<a href=\"https:\/\/gateway.pr.comunique-se.com.br\/api\/Campaign\/AddCampaignEmailClick\/e0763d1c-703f-47f7-acf7-08d9bfcddd41\/https%253a%252f%252fwww.congressodeinovacao.com.br%252f\/3a62c3e8-195a-4a2c-fc4a-08d7c5ff26d1\/mspontocom@gmail.com\/True\" target=\"_blank\" rel=\"noopener noreferrer\" data-saferedirecturl=\"https:\/\/www.google.com\/url?q=https:\/\/gateway.pr.comunique-se.com.br\/api\/Campaign\/AddCampaignEmailClick\/e0763d1c-703f-47f7-acf7-08d9bfcddd41\/https%25253a%25252f%25252fwww.congressodeinovacao.com.br%25252f\/3a62c3e8-195a-4a2c-fc4a-08d7c5ff26d1\/mspontocom@gmail.com\/True&amp;source=gmail&amp;ust=1642332741571000&amp;usg=AOvVaw32mYDY0xyFvTJbFHaIIADw\">9\u00b0 Congresso de Inova\u00e7\u00e3o da Ind\u00fastria<\/a>, um dos maiores eventos do g\u00eanero na Am\u00e9rica Latina, que reunir\u00e1 lideran\u00e7as das maiores empresas brasileiras e multinacionais da \u00e1rea de tecnologia e inova\u00e7\u00e3o.<\/p>\n<p style=\"text-align: justify;\">O evento \u00e9 realizado pela Confedera\u00e7\u00e3o nacional da Ind\u00fastria e pelo Sebrae.<\/p>\n<p style=\"text-align: justify;\">Esta edi\u00e7\u00e3o acontece em formato h\u00edbrido, nos dias 9 e 10 de mar\u00e7o, em S\u00e3o Paulo (SP), devido \u00e0 pandemia da Covid-19.<\/p>\n<p style=\"text-align: justify;\">Com isso, haver\u00e1 oportunidade para que pessoas em todo o mundo assistam \u00e0 programa\u00e7\u00e3o por meio de uma plataforma com capacidade para mais de 15 mil acessos simult\u00e2neos.<\/p>\n<p style=\"text-align: justify;\">Para participar, \u00e9 preciso se inscrever no\u00a0<a href=\"https:\/\/gateway.pr.comunique-se.com.br\/api\/Campaign\/AddCampaignEmailClick\/e0763d1c-703f-47f7-acf7-08d9bfcddd41\/https%253a%252f%252fwww.congressodeinovacao.com.br%252f\/3a62c3e8-195a-4a2c-fc4a-08d7c5ff26d1\/mspontocom@gmail.com\/True\" target=\"_blank\" rel=\"noopener noreferrer\" data-saferedirecturl=\"https:\/\/www.google.com\/url?q=https:\/\/gateway.pr.comunique-se.com.br\/api\/Campaign\/AddCampaignEmailClick\/e0763d1c-703f-47f7-acf7-08d9bfcddd41\/https%25253a%25252f%25252fwww.congressodeinovacao.com.br%25252f\/3a62c3e8-195a-4a2c-fc4a-08d7c5ff26d1\/mspontocom@gmail.com\/True&amp;source=gmail&amp;ust=1642332741571000&amp;usg=AOvVaw32mYDY0xyFvTJbFHaIIADw\">site<\/a>\u00a0do evento.<em>\u00a0<\/em><\/p>\n<p><a href=\"https:\/\/gateway.pr.comunique-se.com.br\/api\/Campaign\/AddCampaignEmailClick\/e0763d1c-703f-47f7-acf7-08d9bfcddd41\/https%253a%252f%252fwww.congressodeinovacao.com.br%252fprogramacao.html\/3a62c3e8-195a-4a2c-fc4a-08d7c5ff26d1\/mspontocom@gmail.com\/True\" target=\"_blank\" rel=\"noopener noreferrer\" data-saferedirecturl=\"https:\/\/www.google.com\/url?q=https:\/\/gateway.pr.comunique-se.com.br\/api\/Campaign\/AddCampaignEmailClick\/e0763d1c-703f-47f7-acf7-08d9bfcddd41\/https%25253a%25252f%25252fwww.congressodeinovacao.com.br%25252fprogramacao.html\/3a62c3e8-195a-4a2c-fc4a-08d7c5ff26d1\/mspontocom@gmail.com\/True&amp;source=gmail&amp;ust=1642332741571000&amp;usg=AOvVaw3vzUa6Fk1mfX6m1mpWZk_f\"><strong>Confira aqui a programa\u00e7\u00e3o completa.<\/strong><\/a><\/p>\n<p>&nbsp;<\/p>\n","protected":false},"excerpt":{"rendered":"<p>Est\u00e3o abertas as inscri\u00e7\u00f5es para o\u00a09\u00b0 Congresso de Inova\u00e7\u00e3o da Ind\u00fastria, um dos maiores eventos do g\u00eanero na Am\u00e9rica Latina, que reunir\u00e1 lideran\u00e7as das maiores empresas brasileiras e multinacionais da \u00e1rea de tecnologia e inova\u00e7\u00e3o. O evento \u00e9 realizado pela Confedera\u00e7\u00e3o nacional da Ind\u00fastria e pelo Sebrae. Esta edi\u00e7\u00e3o acontece em formato h\u00edbrido, nos dias [&hellip;]<\/p>\n","protected":false},"author":2,"featured_media":166979,"comment_status":"open","ping_status":"open","sticky":false,"template":"","format":"standard","meta":{"_monsterinsights_skip_tracking":false,"_monsterinsights_sitenote_active":false,"_monsterinsights_sitenote_note":"","_monsterinsights_sitenote_category":0},"categories":[15],"tags":[],"aioseo_notices":[],"_links":{"self":[{"href":"http:\/\/mspontocom.com.br\/site\/wp-json\/wp\/v2\/posts\/166978"}],"collection":[{"href":"http:\/\/mspontocom.com.br\/site\/wp-json\/wp\/v2\/posts"}],"about":[{"href":"http:\/\/mspontocom.com.br\/site\/wp-json\/wp\/v2\/types\/post"}],"author":[{"embeddable":true,"href":"http:\/\/mspontocom.com.br\/site\/wp-json\/wp\/v2\/users\/2"}],"replies":[{"embeddable":true,"href":"http:\/\/mspontocom.com.br\/site\/wp-json\/wp\/v2\/comments?post=166978"}],"version-history":[{"count":1,"href":"http:\/\/mspontocom.com.br\/site\/wp-json\/wp\/v2\/posts\/166978\/revisions"}],"predecessor-version":[{"id":166980,"href":"http:\/\/mspontocom.com.br\/site\/wp-json\/wp\/v2\/posts\/166978\/revisions\/166980"}],"wp:featuredmedia":[{"embeddable":true,"href":"http:\/\/mspontocom.com.br\/site\/wp-json\/wp\/v2\/media\/166979"}],"wp:attachment":[{"href":"http:\/\/mspontocom.com.br\/site\/wp-json\/wp\/v2\/media?parent=166978"}],"wp:term":[{"taxonomy":"category","embeddable":true,"href":"http:\/\/mspontocom.com.br\/site\/wp-json\/wp\/v2\/categories?post=166978"},{"taxonomy":"post_tag","embeddable":true,"href":"http:\/\/mspontocom.com.br\/site\/wp-json\/wp\/v2\/tags?post=166978"}],"curies":[{"name":"wp","href":"https:\/\/api.w.org\/{rel}","templated":true}]}}