{"id":167155,"date":"2022-01-21T06:54:51","date_gmt":"2022-01-21T10:54:51","guid":{"rendered":"https:\/\/mspontocom.com.br\/site\/?p=167155"},"modified":"2022-01-21T08:26:33","modified_gmt":"2022-01-21T12:26:33","slug":"barros-diz-que-o-pais-foi-sequestrado-pelas-corporacoes-de-servidores","status":"publish","type":"post","link":"http:\/\/mspontocom.com.br\/site\/barros-diz-que-o-pais-foi-sequestrado-pelas-corporacoes-de-servidores\/","title":{"rendered":"Barros diz que o Pa\u00eds foi sequestrado pelas corpora\u00e7\u00f5es de servidores"},"content":{"rendered":"<p style=\"text-align: justify;\"><img loading=\"lazy\" class=\"alignnone size-large wp-image-167166\" src=\"https:\/\/mspontocom.com.br\/site\/wp-content\/uploads\/2022\/01\/site-barros-diz-que-o-pais-foi-sequestrado-pelas-corporacoes-de-servidores-barros-1024x613.jpg\" alt=\"\" width=\"1024\" height=\"613\" \/>O l\u00edder do governo na C\u00e2mara, <strong>deputado Ricardo Barros (<\/strong>PP-PR), afirmou\u00a0 que o <strong>Brasil \u201cfoi capturado, sequestrado, pelas corpora\u00e7\u00f5es do servi\u00e7o p\u00fablico\u201d,<\/strong> ao comentar a press\u00e3o dessas corpora\u00e7\u00f5es sindicais para obter aumentos que custariam mais de <strong>R$84 bilh\u00f5es aos pagadores de impostos brasileiros.<\/strong><\/p>\n<p style=\"text-align: justify;\">Ele destacou que o pagamento de at\u00e9 R$446 mil apenas em dezembro a um procurador da Rep\u00fablica, como revelou o jornal\u00a0<em>O Estado de S. Paulo<\/em>\u00a0nesta quarta (19), \u201cn\u00e3o foi um caso excepcional\u201d.<\/p>\n<p style=\"text-align: justify;\">Segundo ele, isso \u00e9 regra, acontece todos os anos.<\/p>\n<p style=\"text-align: justify;\">O parlamentar tamb\u00e9m citou um dado capaz de revoltar a todos que pagam impostos: 8<strong>0% da arrecada\u00e7\u00e3o tribut\u00e1ria do governo s\u00e3o consumidos em sal\u00e1rios de servidores ativos e inativos,<\/strong> em vez de serem aplicados no bem-estar da popula\u00e7\u00e3o.<\/p>\n<p style=\"text-align: justify;\">Ele contou que o presidente <strong>Jair Bolsonaro<\/strong> ainda n\u00e3o bateu o martelo sobre o reajuste salarial de servidores federais.<\/p>\n<p style=\"text-align: justify;\">O l\u00edder do governo na C\u00e2mara foi entrevistado no Jornal Gente, da R\u00e1dio Bandeirantes, pelos jornalistas Pedro Campos e Cl\u00e1udio Humberto.<\/p>\n","protected":false},"excerpt":{"rendered":"<p>O l\u00edder do governo na C\u00e2mara, deputado Ricardo Barros (PP-PR), afirmou\u00a0 que o Brasil \u201cfoi capturado, sequestrado, pelas corpora\u00e7\u00f5es do servi\u00e7o p\u00fablico\u201d, ao comentar a press\u00e3o dessas corpora\u00e7\u00f5es sindicais para obter aumentos que custariam mais de R$84 bilh\u00f5es aos pagadores de impostos brasileiros. Ele destacou que o pagamento de at\u00e9 R$446 mil apenas em dezembro [&hellip;]<\/p>\n","protected":false},"author":2,"featured_media":167166,"comment_status":"open","ping_status":"open","sticky":false,"template":"","format":"standard","meta":{"_monsterinsights_skip_tracking":false,"_monsterinsights_sitenote_active":false,"_monsterinsights_sitenote_note":"","_monsterinsights_sitenote_category":0},"categories":[6,30260,15,30259],"tags":[],"aioseo_notices":[],"_links":{"self":[{"href":"http:\/\/mspontocom.com.br\/site\/wp-json\/wp\/v2\/posts\/167155"}],"collection":[{"href":"http:\/\/mspontocom.com.br\/site\/wp-json\/wp\/v2\/posts"}],"about":[{"href":"http:\/\/mspontocom.com.br\/site\/wp-json\/wp\/v2\/types\/post"}],"author":[{"embeddable":true,"href":"http:\/\/mspontocom.com.br\/site\/wp-json\/wp\/v2\/users\/2"}],"replies":[{"embeddable":true,"href":"http:\/\/mspontocom.com.br\/site\/wp-json\/wp\/v2\/comments?post=167155"}],"version-history":[{"count":2,"href":"http:\/\/mspontocom.com.br\/site\/wp-json\/wp\/v2\/posts\/167155\/revisions"}],"predecessor-version":[{"id":167167,"href":"http:\/\/mspontocom.com.br\/site\/wp-json\/wp\/v2\/posts\/167155\/revisions\/167167"}],"wp:featuredmedia":[{"embeddable":true,"href":"http:\/\/mspontocom.com.br\/site\/wp-json\/wp\/v2\/media\/167166"}],"wp:attachment":[{"href":"http:\/\/mspontocom.com.br\/site\/wp-json\/wp\/v2\/media?parent=167155"}],"wp:term":[{"taxonomy":"category","embeddable":true,"href":"http:\/\/mspontocom.com.br\/site\/wp-json\/wp\/v2\/categories?post=167155"},{"taxonomy":"post_tag","embeddable":true,"href":"http:\/\/mspontocom.com.br\/site\/wp-json\/wp\/v2\/tags?post=167155"}],"curies":[{"name":"wp","href":"https:\/\/api.w.org\/{rel}","templated":true}]}}