{"id":167172,"date":"2022-01-21T07:46:28","date_gmt":"2022-01-21T11:46:28","guid":{"rendered":"https:\/\/mspontocom.com.br\/site\/?p=167172"},"modified":"2022-01-21T07:46:28","modified_gmt":"2022-01-21T11:46:28","slug":"tambem-quero-mp-investiga-financiamento-da-caixa-ao-estadio-do-corinthians","status":"publish","type":"post","link":"http:\/\/mspontocom.com.br\/site\/tambem-quero-mp-investiga-financiamento-da-caixa-ao-estadio-do-corinthians\/","title":{"rendered":"TAMB\u00c9M QUERO:  MP investiga financiamento da Caixa ao est\u00e1dio do Corinthians"},"content":{"rendered":"<p class=\"text\" style=\"text-align: justify;\"><img loading=\"lazy\" class=\"alignnone size-full wp-image-167173\" src=\"https:\/\/mspontocom.com.br\/site\/wp-content\/uploads\/2022\/01\/site-tambem-quero-mp-investiga-financiamento-da-caixa-ao-estadio-do-corinthians-caixa.jpeg\" alt=\"\" width=\"857\" height=\"475\" srcset=\"http:\/\/mspontocom.com.br\/site\/wp-content\/uploads\/2022\/01\/site-tambem-quero-mp-investiga-financiamento-da-caixa-ao-estadio-do-corinthians-caixa.jpeg 857w, http:\/\/mspontocom.com.br\/site\/wp-content\/uploads\/2022\/01\/site-tambem-quero-mp-investiga-financiamento-da-caixa-ao-estadio-do-corinthians-caixa-260x144.jpeg 260w, http:\/\/mspontocom.com.br\/site\/wp-content\/uploads\/2022\/01\/site-tambem-quero-mp-investiga-financiamento-da-caixa-ao-estadio-do-corinthians-caixa-768x426.jpeg 768w\" sizes=\"(max-width: 857px) 100vw, 857px\" \/>O Minist\u00e9rio P\u00fablico junto ao Tribunal de Contas da Uni\u00e3o (TCU) ingressou com uma representa\u00e7\u00e3o no \u00f3rg\u00e3o que cobra informa\u00e7\u00f5es sobre negocia\u00e7\u00f5es envolvendo a <strong>Caixa Econ\u00f4mica Federal e o Corinthians,<\/strong> que estariam estudando ampliar o prazo de car\u00eancia no pagamento do financiamento da Neo Qu\u00edmica Arena, o est\u00e1dio do time paulista.<\/p>\n<p class=\"text\" style=\"text-align: justify;\">Nos \u00faltimos dias, o\u00a0<em>globesporte.com<\/em>\u00a0informou que o<strong> Corinthians e a Caixa est\u00e3o negociando uma amplia\u00e7\u00e3o na car\u00eancia do financiamento<\/strong> da Neo Qu\u00edmica Arena. Estava previsto que o clube quitaria as parcelas at\u00e9 o fim deste ano, mas o prazo pode ser adiado para 2023.<\/p>\n<p style=\"text-align: justify;\">De acordo com o MP, valores milion\u00e1rios que envolvem dinheiro p\u00fablico &#8220;n\u00e3o podem ser tratados com tamanha informalidade.&#8221;<\/p>\n<p style=\"text-align: justify;\"><span style=\"color: #ff0000;\">&#8220;Cumpre notar que o capital da Caixa \u00e9 integralmente p\u00fablico! Sendo assim, h\u00e1 clara les\u00e3o pelo Sport Club Corinthians Paulista ao n\u00e3o honrar seus compromissos contratuais com a institui\u00e7\u00e3o financeira p\u00fablica&#8221;<\/span>, assinalou o procurador.<\/p>\n<p style=\"text-align: justify;\">Que tal a Caixa estender essas benesses a todos os mutu\u00e1rios?<\/p>\n","protected":false},"excerpt":{"rendered":"<p>O Minist\u00e9rio P\u00fablico junto ao Tribunal de Contas da Uni\u00e3o (TCU) ingressou com uma representa\u00e7\u00e3o no \u00f3rg\u00e3o que cobra informa\u00e7\u00f5es sobre negocia\u00e7\u00f5es envolvendo a Caixa Econ\u00f4mica Federal e o Corinthians, que estariam estudando ampliar o prazo de car\u00eancia no pagamento do financiamento da Neo Qu\u00edmica Arena, o est\u00e1dio do time paulista. Nos \u00faltimos dias, o\u00a0globesporte.com\u00a0informou [&hellip;]<\/p>\n","protected":false},"author":2,"featured_media":167173,"comment_status":"open","ping_status":"open","sticky":false,"template":"","format":"standard","meta":{"_monsterinsights_skip_tracking":false,"_monsterinsights_sitenote_active":false,"_monsterinsights_sitenote_note":"","_monsterinsights_sitenote_category":0},"categories":[15],"tags":[],"aioseo_notices":[],"_links":{"self":[{"href":"http:\/\/mspontocom.com.br\/site\/wp-json\/wp\/v2\/posts\/167172"}],"collection":[{"href":"http:\/\/mspontocom.com.br\/site\/wp-json\/wp\/v2\/posts"}],"about":[{"href":"http:\/\/mspontocom.com.br\/site\/wp-json\/wp\/v2\/types\/post"}],"author":[{"embeddable":true,"href":"http:\/\/mspontocom.com.br\/site\/wp-json\/wp\/v2\/users\/2"}],"replies":[{"embeddable":true,"href":"http:\/\/mspontocom.com.br\/site\/wp-json\/wp\/v2\/comments?post=167172"}],"version-history":[{"count":1,"href":"http:\/\/mspontocom.com.br\/site\/wp-json\/wp\/v2\/posts\/167172\/revisions"}],"predecessor-version":[{"id":167174,"href":"http:\/\/mspontocom.com.br\/site\/wp-json\/wp\/v2\/posts\/167172\/revisions\/167174"}],"wp:featuredmedia":[{"embeddable":true,"href":"http:\/\/mspontocom.com.br\/site\/wp-json\/wp\/v2\/media\/167173"}],"wp:attachment":[{"href":"http:\/\/mspontocom.com.br\/site\/wp-json\/wp\/v2\/media?parent=167172"}],"wp:term":[{"taxonomy":"category","embeddable":true,"href":"http:\/\/mspontocom.com.br\/site\/wp-json\/wp\/v2\/categories?post=167172"},{"taxonomy":"post_tag","embeddable":true,"href":"http:\/\/mspontocom.com.br\/site\/wp-json\/wp\/v2\/tags?post=167172"}],"curies":[{"name":"wp","href":"https:\/\/api.w.org\/{rel}","templated":true}]}}