{"id":167397,"date":"2022-01-29T07:10:53","date_gmt":"2022-01-29T11:10:53","guid":{"rendered":"https:\/\/mspontocom.com.br\/site\/?p=167397"},"modified":"2022-01-29T07:10:53","modified_gmt":"2022-01-29T11:10:53","slug":"ministerio-da-economia-tera-escritorio-nos-estados-unidos","status":"publish","type":"post","link":"http:\/\/mspontocom.com.br\/site\/ministerio-da-economia-tera-escritorio-nos-estados-unidos\/","title":{"rendered":"Minist\u00e9rio da Economia ter\u00e1 escrit\u00f3rio nos Estados Unidos"},"content":{"rendered":"<p style=\"text-align: justify;\"><img loading=\"lazy\" class=\"alignnone size-full wp-image-167417\" src=\"https:\/\/mspontocom.com.br\/site\/wp-content\/uploads\/2022\/01\/site-ministerio-da-economia-tera-escritorio-nos-estados-unidos-eeuu.jpg\" alt=\"\" width=\"799\" height=\"533\" srcset=\"http:\/\/mspontocom.com.br\/site\/wp-content\/uploads\/2022\/01\/site-ministerio-da-economia-tera-escritorio-nos-estados-unidos-eeuu.jpg 799w, http:\/\/mspontocom.com.br\/site\/wp-content\/uploads\/2022\/01\/site-ministerio-da-economia-tera-escritorio-nos-estados-unidos-eeuu-260x173.jpg 260w, http:\/\/mspontocom.com.br\/site\/wp-content\/uploads\/2022\/01\/site-ministerio-da-economia-tera-escritorio-nos-estados-unidos-eeuu-768x512.jpg 768w\" sizes=\"(max-width: 799px) 100vw, 799px\" \/>Ser\u00e1 criado em Washington o Escrit\u00f3rio de Representa\u00e7\u00e3o do Minist\u00e9rio da Economia do Brasil.<\/p>\n<p style=\"text-align: justify;\">O decreto\u00a0do presidente <strong>Jair Bolsonaro<\/strong> foi publicado no\u00a0<em>Di\u00e1rio Oficial<\/em>\u00a0da Uni\u00e3o.<\/p>\n<p style=\"text-align: justify;\">Segundo o <strong>Minist\u00e9rio da Economia<\/strong>, o escrit\u00f3rio busca consolidar a imagem do pa\u00eds como ambiente seguro para fazer neg\u00f3cios, com responsabilidade nas dimens\u00f5es ambiental, social e de governan\u00e7a.<\/p>\n<p style=\"text-align: justify;\">A Embaixada do Brasil em Washington oferecer\u00e1 espa\u00e7o f\u00edsico para o desempenho das atividades.<\/p>\n<p style=\"text-align: justify;\">O chefe do escrit\u00f3rio e seu assessor ser\u00e3o indicados pelo ministro da Economia, <strong>Paulo Guedes,<\/strong>\u00a0e designados em ato do presidente da Rep\u00fablica.<\/p>\n<p style=\"text-align: justify;\">Caber\u00e1 ainda ao escrit\u00f3rio promover oportunidades de neg\u00f3cios que <strong>gerem emprego e renda ao Brasil,<\/strong> al\u00e9m de identificar as barreiras aos investimentos estrangeiros e demonstrar a estabilidade e a solidez macroecon\u00f4mica do pa\u00eds.<\/p>\n","protected":false},"excerpt":{"rendered":"<p>Ser\u00e1 criado em Washington o Escrit\u00f3rio de Representa\u00e7\u00e3o do Minist\u00e9rio da Economia do Brasil. O decreto\u00a0do presidente Jair Bolsonaro foi publicado no\u00a0Di\u00e1rio Oficial\u00a0da Uni\u00e3o. Segundo o Minist\u00e9rio da Economia, o escrit\u00f3rio busca consolidar a imagem do pa\u00eds como ambiente seguro para fazer neg\u00f3cios, com responsabilidade nas dimens\u00f5es ambiental, social e de governan\u00e7a. A Embaixada do [&hellip;]<\/p>\n","protected":false},"author":2,"featured_media":167417,"comment_status":"open","ping_status":"open","sticky":false,"template":"","format":"standard","meta":{"_monsterinsights_skip_tracking":false,"_monsterinsights_sitenote_active":false,"_monsterinsights_sitenote_note":"","_monsterinsights_sitenote_category":0},"categories":[15],"tags":[],"aioseo_notices":[],"_links":{"self":[{"href":"http:\/\/mspontocom.com.br\/site\/wp-json\/wp\/v2\/posts\/167397"}],"collection":[{"href":"http:\/\/mspontocom.com.br\/site\/wp-json\/wp\/v2\/posts"}],"about":[{"href":"http:\/\/mspontocom.com.br\/site\/wp-json\/wp\/v2\/types\/post"}],"author":[{"embeddable":true,"href":"http:\/\/mspontocom.com.br\/site\/wp-json\/wp\/v2\/users\/2"}],"replies":[{"embeddable":true,"href":"http:\/\/mspontocom.com.br\/site\/wp-json\/wp\/v2\/comments?post=167397"}],"version-history":[{"count":2,"href":"http:\/\/mspontocom.com.br\/site\/wp-json\/wp\/v2\/posts\/167397\/revisions"}],"predecessor-version":[{"id":167418,"href":"http:\/\/mspontocom.com.br\/site\/wp-json\/wp\/v2\/posts\/167397\/revisions\/167418"}],"wp:featuredmedia":[{"embeddable":true,"href":"http:\/\/mspontocom.com.br\/site\/wp-json\/wp\/v2\/media\/167417"}],"wp:attachment":[{"href":"http:\/\/mspontocom.com.br\/site\/wp-json\/wp\/v2\/media?parent=167397"}],"wp:term":[{"taxonomy":"category","embeddable":true,"href":"http:\/\/mspontocom.com.br\/site\/wp-json\/wp\/v2\/categories?post=167397"},{"taxonomy":"post_tag","embeddable":true,"href":"http:\/\/mspontocom.com.br\/site\/wp-json\/wp\/v2\/tags?post=167397"}],"curies":[{"name":"wp","href":"https:\/\/api.w.org\/{rel}","templated":true}]}}