{"id":167597,"date":"2022-02-04T06:45:25","date_gmt":"2022-02-04T10:45:25","guid":{"rendered":"https:\/\/mspontocom.com.br\/site\/?p=167597"},"modified":"2022-02-04T06:45:25","modified_gmt":"2022-02-04T10:45:25","slug":"lula-levara-petrobras-a-falencia-diz-ministro-de-minas-e-energia","status":"publish","type":"post","link":"http:\/\/mspontocom.com.br\/site\/lula-levara-petrobras-a-falencia-diz-ministro-de-minas-e-energia\/","title":{"rendered":"Lula levar\u00e1 Petrobras a fal\u00eancia, diz ministro de Minas e Energia"},"content":{"rendered":"<p style=\"text-align: justify;\"><img loading=\"lazy\" class=\"alignnone size-full wp-image-167613\" src=\"https:\/\/mspontocom.com.br\/site\/wp-content\/uploads\/2022\/02\/site-lula-levara-petrobras-a-perder-bilhoes-diz-bento-albuquerque-petroleo.jpg\" alt=\"\" width=\"800\" height=\"533\" srcset=\"http:\/\/mspontocom.com.br\/site\/wp-content\/uploads\/2022\/02\/site-lula-levara-petrobras-a-perder-bilhoes-diz-bento-albuquerque-petroleo.jpg 800w, http:\/\/mspontocom.com.br\/site\/wp-content\/uploads\/2022\/02\/site-lula-levara-petrobras-a-perder-bilhoes-diz-bento-albuquerque-petroleo-260x173.jpg 260w, http:\/\/mspontocom.com.br\/site\/wp-content\/uploads\/2022\/02\/site-lula-levara-petrobras-a-perder-bilhoes-diz-bento-albuquerque-petroleo-768x512.jpg 768w\" sizes=\"(max-width: 800px) 100vw, 800px\" \/>O ministro das Minas e Energia,<strong> Bento Albuquerque<\/strong>, afirmou nesta 5\u00aa feira\u00a0 que obrigar a Petrobras a importar combust\u00edveis aos pre\u00e7os internacionais e vend\u00ea-los abaixo do pre\u00e7o de mercado poderia levar a estatal \u00e0 fal\u00eancia.<\/p>\n<p style=\"text-align: justify;\">\u201cLevaria a empresa a ter preju\u00edzos bilion\u00e1rios, como ocorreu durante o governo do PT, podendo lev\u00e1-la \u00e0 fal\u00eancia\u201d, disse o ministro ao <strong>Poder360.<\/strong><\/p>\n<p style=\"text-align: justify;\">Albuquerque explica que o Brasil n\u00e3o \u00e9 autossuficiente em combust\u00edveis e, por isso, \u00e9 \u201cimposs\u00edvel\u201d desassociar os pre\u00e7os das cota\u00e7\u00f5es do petr\u00f3leo no mercado internacional e do d\u00f3lar.<\/p>\n<p style=\"text-align: justify;\">O coment\u00e1rio do ministro \u00e9 em refer\u00eancia \u00e0 fala do ex-presidente<strong> Lula<\/strong> (PT), que voltou a afirmar que, se for eleito, ir\u00e1 romper com a pol\u00edtica de PPI (Pre\u00e7o de Paridade de Importa\u00e7\u00e3o), adotada pela <strong>Petrobras<\/strong> desde 2016.<\/p>\n<p style=\"text-align: justify;\">Segundo Albuquerque, a interfer\u00eancia nos pre\u00e7os da Petrobras pelo governo federal \u00e9 \u201cabsolutamente<br \/>\nilegal\u201d, devido \u00e0s leis do Petr\u00f3leo (n\u00ba 9478\/1997), das Estatais (n\u00ba 13.303\/2016), das Sociedades por A\u00e7\u00f5es (n\u00ba 6.404\/1976) e ao Estatuto Social da Petrobras.<\/p>\n<p style=\"text-align: justify;\">\n","protected":false},"excerpt":{"rendered":"<p>O ministro das Minas e Energia, Bento Albuquerque, afirmou nesta 5\u00aa feira\u00a0 que obrigar a Petrobras a importar combust\u00edveis aos pre\u00e7os internacionais e vend\u00ea-los abaixo do pre\u00e7o de mercado poderia levar a estatal \u00e0 fal\u00eancia. \u201cLevaria a empresa a ter preju\u00edzos bilion\u00e1rios, como ocorreu durante o governo do PT, podendo lev\u00e1-la \u00e0 fal\u00eancia\u201d, disse o [&hellip;]<\/p>\n","protected":false},"author":2,"featured_media":167613,"comment_status":"open","ping_status":"open","sticky":false,"template":"","format":"standard","meta":{"_monsterinsights_skip_tracking":false,"_monsterinsights_sitenote_active":false,"_monsterinsights_sitenote_note":"","_monsterinsights_sitenote_category":0},"categories":[15],"tags":[],"aioseo_notices":[],"_links":{"self":[{"href":"http:\/\/mspontocom.com.br\/site\/wp-json\/wp\/v2\/posts\/167597"}],"collection":[{"href":"http:\/\/mspontocom.com.br\/site\/wp-json\/wp\/v2\/posts"}],"about":[{"href":"http:\/\/mspontocom.com.br\/site\/wp-json\/wp\/v2\/types\/post"}],"author":[{"embeddable":true,"href":"http:\/\/mspontocom.com.br\/site\/wp-json\/wp\/v2\/users\/2"}],"replies":[{"embeddable":true,"href":"http:\/\/mspontocom.com.br\/site\/wp-json\/wp\/v2\/comments?post=167597"}],"version-history":[{"count":2,"href":"http:\/\/mspontocom.com.br\/site\/wp-json\/wp\/v2\/posts\/167597\/revisions"}],"predecessor-version":[{"id":167614,"href":"http:\/\/mspontocom.com.br\/site\/wp-json\/wp\/v2\/posts\/167597\/revisions\/167614"}],"wp:featuredmedia":[{"embeddable":true,"href":"http:\/\/mspontocom.com.br\/site\/wp-json\/wp\/v2\/media\/167613"}],"wp:attachment":[{"href":"http:\/\/mspontocom.com.br\/site\/wp-json\/wp\/v2\/media?parent=167597"}],"wp:term":[{"taxonomy":"category","embeddable":true,"href":"http:\/\/mspontocom.com.br\/site\/wp-json\/wp\/v2\/categories?post=167597"},{"taxonomy":"post_tag","embeddable":true,"href":"http:\/\/mspontocom.com.br\/site\/wp-json\/wp\/v2\/tags?post=167597"}],"curies":[{"name":"wp","href":"https:\/\/api.w.org\/{rel}","templated":true}]}}