{"id":167880,"date":"2022-02-14T04:48:00","date_gmt":"2022-02-14T08:48:00","guid":{"rendered":"https:\/\/mspontocom.com.br\/site\/?p=167880"},"modified":"2022-02-14T07:55:28","modified_gmt":"2022-02-14T11:55:28","slug":"pt-diz-que-privatizacao-da-eletrobras-sera-revista-com-lula-eleito","status":"publish","type":"post","link":"http:\/\/mspontocom.com.br\/site\/pt-diz-que-privatizacao-da-eletrobras-sera-revista-com-lula-eleito\/","title":{"rendered":"PT diz que privatiza\u00e7\u00e3o da Eletrobras ser\u00e1 \u2018revista\u2019 com Lula eleito"},"content":{"rendered":"<p style=\"text-align: justify;\"><img loading=\"lazy\" class=\"alignnone size-full wp-image-167881\" src=\"https:\/\/mspontocom.com.br\/site\/wp-content\/uploads\/2022\/02\/site-gleisi-hoffmann-660x372.jpg\" alt=\"\" width=\"660\" height=\"372\" srcset=\"http:\/\/mspontocom.com.br\/site\/wp-content\/uploads\/2022\/02\/site-gleisi-hoffmann-660x372.jpg 660w, http:\/\/mspontocom.com.br\/site\/wp-content\/uploads\/2022\/02\/site-gleisi-hoffmann-660x372-260x147.jpg 260w\" sizes=\"(max-width: 660px) 100vw, 660px\" \/><\/p>\n<p style=\"text-align: justify;\">O PT defende a revis\u00e3o do processo de <strong>privatiza\u00e7\u00e3o da Eletrobras. <\/strong><\/p>\n<p style=\"text-align: justify;\">A possibilidade foi levantada depois de uma reuni\u00e3o entre a presidente do PT, <strong>Gleise Hoffmann<\/strong>\u00a0e o ex-presidente<strong> Lula. <\/strong><\/p>\n<p style=\"text-align: justify;\">Gleisi afirmou que, em caso de vit\u00f3ria de Lula nas elei\u00e7\u00f5es de outubro, o processo de privatiza\u00e7\u00e3o da Eletrobras ser\u00e1 completamente revisto, pois o partido considera o modelo atual muito ruim.<\/p>\n<p style=\"text-align: justify;\">A presidente da legenda n\u00e3o acredita que a privatiza\u00e7\u00e3o da estatal seja conclu\u00edda antes da posse de um novo presidente.<\/p>\n<p style=\"text-align: justify;\">O modelo definido para a venda da estatal est\u00e1 em an\u00e1lise no<strong> TCU. <\/strong><\/p>\n<p style=\"text-align: justify;\">O presidente <strong>Jair Bolsonaro<\/strong> defende o andamento das privatiza\u00e7\u00f5es como dos <strong>Correios<\/strong> e da <strong>Eletrobras,<\/strong> mas disse que tudo depende do aval do Congresso.<\/p>\n<p>&nbsp;<\/p>\n<p><em>*Com informa\u00e7\u00f5es da rep\u00f3rter Iasmin Costa, Jovem Pan<\/em><\/p>\n","protected":false},"excerpt":{"rendered":"<p>O PT defende a revis\u00e3o do processo de privatiza\u00e7\u00e3o da Eletrobras. A possibilidade foi levantada depois de uma reuni\u00e3o entre a presidente do PT, Gleise Hoffmann\u00a0e o ex-presidente Lula. Gleisi afirmou que, em caso de vit\u00f3ria de Lula nas elei\u00e7\u00f5es de outubro, o processo de privatiza\u00e7\u00e3o da Eletrobras ser\u00e1 completamente revisto, pois o partido considera [&hellip;]<\/p>\n","protected":false},"author":2,"featured_media":167881,"comment_status":"open","ping_status":"open","sticky":false,"template":"","format":"standard","meta":{"_monsterinsights_skip_tracking":false,"_monsterinsights_sitenote_active":false,"_monsterinsights_sitenote_note":"","_monsterinsights_sitenote_category":0},"categories":[15],"tags":[],"aioseo_notices":[],"_links":{"self":[{"href":"http:\/\/mspontocom.com.br\/site\/wp-json\/wp\/v2\/posts\/167880"}],"collection":[{"href":"http:\/\/mspontocom.com.br\/site\/wp-json\/wp\/v2\/posts"}],"about":[{"href":"http:\/\/mspontocom.com.br\/site\/wp-json\/wp\/v2\/types\/post"}],"author":[{"embeddable":true,"href":"http:\/\/mspontocom.com.br\/site\/wp-json\/wp\/v2\/users\/2"}],"replies":[{"embeddable":true,"href":"http:\/\/mspontocom.com.br\/site\/wp-json\/wp\/v2\/comments?post=167880"}],"version-history":[{"count":1,"href":"http:\/\/mspontocom.com.br\/site\/wp-json\/wp\/v2\/posts\/167880\/revisions"}],"predecessor-version":[{"id":167882,"href":"http:\/\/mspontocom.com.br\/site\/wp-json\/wp\/v2\/posts\/167880\/revisions\/167882"}],"wp:featuredmedia":[{"embeddable":true,"href":"http:\/\/mspontocom.com.br\/site\/wp-json\/wp\/v2\/media\/167881"}],"wp:attachment":[{"href":"http:\/\/mspontocom.com.br\/site\/wp-json\/wp\/v2\/media?parent=167880"}],"wp:term":[{"taxonomy":"category","embeddable":true,"href":"http:\/\/mspontocom.com.br\/site\/wp-json\/wp\/v2\/categories?post=167880"},{"taxonomy":"post_tag","embeddable":true,"href":"http:\/\/mspontocom.com.br\/site\/wp-json\/wp\/v2\/tags?post=167880"}],"curies":[{"name":"wp","href":"https:\/\/api.w.org\/{rel}","templated":true}]}}