{"id":169693,"date":"2022-04-10T07:12:36","date_gmt":"2022-04-10T11:12:36","guid":{"rendered":"https:\/\/mspontocom.com.br\/site\/?p=169693"},"modified":"2022-04-10T07:12:36","modified_gmt":"2022-04-10T11:12:36","slug":"senado-vai-realizar-concurso-com-salario-de-ate-r-33-mil","status":"publish","type":"post","link":"http:\/\/mspontocom.com.br\/site\/senado-vai-realizar-concurso-com-salario-de-ate-r-33-mil\/","title":{"rendered":"Senado vai realizar concurso com sal\u00e1rio de at\u00e9 R$ 33 mil"},"content":{"rendered":"<p style=\"text-align: justify;\"><img loading=\"lazy\" class=\"alignnone size-full wp-image-169694\" src=\"https:\/\/mspontocom.com.br\/site\/wp-content\/uploads\/2022\/04\/site-senado-vai-realizar-concurso-com-salario-de-ate-r-33-mil-concurso.jpg\" alt=\"\" width=\"301\" height=\"167\" srcset=\"http:\/\/mspontocom.com.br\/site\/wp-content\/uploads\/2022\/04\/site-senado-vai-realizar-concurso-com-salario-de-ate-r-33-mil-concurso.jpg 301w, http:\/\/mspontocom.com.br\/site\/wp-content\/uploads\/2022\/04\/site-senado-vai-realizar-concurso-com-salario-de-ate-r-33-mil-concurso-260x144.jpg 260w\" sizes=\"(max-width: 301px) 100vw, 301px\" \/><\/p>\n<p style=\"text-align: justify;\">O Senado vai realizar um <strong>concurso p\u00fablico<\/strong> para preencher 19 vagas, os sal\u00e1rios variam de R$ 19 mil a R$ 33 mil.<\/p>\n<p style=\"text-align: justify;\">Ainda n\u00e3o h\u00e1 data para o lan\u00e7amento do edital, mas as provas devem ser aplicadas no meio do ano.<\/p>\n<p style=\"text-align: justify;\">O\u00a0<strong><a href=\"https:\/\/www.in.gov.br\/en\/web\/dou\/-\/ato-n-2-de-7-de-abril-de-2022-391964706\" target=\"_blank\" rel=\"noopener\">ato foi publicado<\/a><\/strong>\u00a0no\u00a0<em>Di\u00e1rio Oficial da Uni\u00e3o.<\/em><\/p>\n<p style=\"text-align: justify;\">Todos os cargos ofertados exigem n\u00edvel superior de escolaridade, entre eles est\u00e3o: <strong>advogado, enfermeiro, engenheiro do trabalho e policial legislativo.<\/strong><\/p>\n<p style=\"text-align: justify;\">O Senado j\u00e1 tem uma comiss\u00e3o encarregada da organiza\u00e7\u00e3o do concurso.<\/p>\n<p style=\"text-align: justify;\">O grupo, formado por representantes de setores da pr\u00f3pria Casa, est\u00e1 autorizado a iniciar a sele\u00e7\u00e3o da banca examinadora.<\/p>\n","protected":false},"excerpt":{"rendered":"<p>O Senado vai realizar um concurso p\u00fablico para preencher 19 vagas, os sal\u00e1rios variam de R$ 19 mil a R$ 33 mil. Ainda n\u00e3o h\u00e1 data para o lan\u00e7amento do edital, mas as provas devem ser aplicadas no meio do ano. O\u00a0ato foi publicado\u00a0no\u00a0Di\u00e1rio Oficial da Uni\u00e3o. Todos os cargos ofertados exigem n\u00edvel superior de [&hellip;]<\/p>\n","protected":false},"author":2,"featured_media":169694,"comment_status":"open","ping_status":"open","sticky":false,"template":"","format":"standard","meta":{"_monsterinsights_skip_tracking":false,"_monsterinsights_sitenote_active":false,"_monsterinsights_sitenote_note":"","_monsterinsights_sitenote_category":0},"categories":[30261],"tags":[],"aioseo_notices":[],"_links":{"self":[{"href":"http:\/\/mspontocom.com.br\/site\/wp-json\/wp\/v2\/posts\/169693"}],"collection":[{"href":"http:\/\/mspontocom.com.br\/site\/wp-json\/wp\/v2\/posts"}],"about":[{"href":"http:\/\/mspontocom.com.br\/site\/wp-json\/wp\/v2\/types\/post"}],"author":[{"embeddable":true,"href":"http:\/\/mspontocom.com.br\/site\/wp-json\/wp\/v2\/users\/2"}],"replies":[{"embeddable":true,"href":"http:\/\/mspontocom.com.br\/site\/wp-json\/wp\/v2\/comments?post=169693"}],"version-history":[{"count":1,"href":"http:\/\/mspontocom.com.br\/site\/wp-json\/wp\/v2\/posts\/169693\/revisions"}],"predecessor-version":[{"id":169695,"href":"http:\/\/mspontocom.com.br\/site\/wp-json\/wp\/v2\/posts\/169693\/revisions\/169695"}],"wp:featuredmedia":[{"embeddable":true,"href":"http:\/\/mspontocom.com.br\/site\/wp-json\/wp\/v2\/media\/169694"}],"wp:attachment":[{"href":"http:\/\/mspontocom.com.br\/site\/wp-json\/wp\/v2\/media?parent=169693"}],"wp:term":[{"taxonomy":"category","embeddable":true,"href":"http:\/\/mspontocom.com.br\/site\/wp-json\/wp\/v2\/categories?post=169693"},{"taxonomy":"post_tag","embeddable":true,"href":"http:\/\/mspontocom.com.br\/site\/wp-json\/wp\/v2\/tags?post=169693"}],"curies":[{"name":"wp","href":"https:\/\/api.w.org\/{rel}","templated":true}]}}