{"id":174079,"date":"2022-09-06T04:34:37","date_gmt":"2022-09-06T08:34:37","guid":{"rendered":"https:\/\/mspontocom.com.br\/site\/?p=174079"},"modified":"2022-09-06T08:38:42","modified_gmt":"2022-09-06T12:38:42","slug":"ifms-abre-concurso-publico-para-tecnicos-administrativos","status":"publish","type":"post","link":"http:\/\/mspontocom.com.br\/site\/ifms-abre-concurso-publico-para-tecnicos-administrativos\/","title":{"rendered":"IFMS abre concurso p\u00fablico para t\u00e9cnicos-administrativos"},"content":{"rendered":"<p dir=\"ltr\" style=\"text-align: justify;\"><img loading=\"lazy\" class=\"alignnone size-medium wp-image-174086\" src=\"https:\/\/mspontocom.com.br\/site\/wp-content\/uploads\/2022\/09\/site-ifms-abre-concurso-publico-com-42-vagas-para-tecnicos-administrativos-concurso1-260x260.png\" alt=\"\" width=\"260\" height=\"260\" srcset=\"http:\/\/mspontocom.com.br\/site\/wp-content\/uploads\/2022\/09\/site-ifms-abre-concurso-publico-com-42-vagas-para-tecnicos-administrativos-concurso1-260x260.png 260w, http:\/\/mspontocom.com.br\/site\/wp-content\/uploads\/2022\/09\/site-ifms-abre-concurso-publico-com-42-vagas-para-tecnicos-administrativos-concurso1-150x150.png 150w, http:\/\/mspontocom.com.br\/site\/wp-content\/uploads\/2022\/09\/site-ifms-abre-concurso-publico-com-42-vagas-para-tecnicos-administrativos-concurso1.png 300w\" sizes=\"(max-width: 260px) 100vw, 260px\" \/><\/p>\n<p dir=\"ltr\" style=\"text-align: justify;\">Foi publicado edital de <strong>concurso p\u00fablico<\/strong> com 42 vagas para cargos t\u00e9cnicos-administrativos em educa\u00e7\u00e3o de n\u00edveis de ensino m\u00e9dio e superior do Instituto Federal de Mato Grosso do Sul <strong>(IFMS).<\/strong><\/p>\n<p style=\"text-align: justify;\">H\u00e1 vagas para Assistente de Alunos (6), Assistente em Administra\u00e7\u00e3o (10), T\u00e9cnico de Laborat\u00f3rio &#8211; Agropecu\u00e1ria (2), T\u00e9cnico de Laborat\u00f3rio &#8211; Alimentos (1), T\u00e9cnico de Laborat\u00f3rio &#8211; Edifica\u00e7\u00f5es (3), T\u00e9cnico de Laborat\u00f3rio &#8211; Inform\u00e1tica (6), T\u00e9cnico de Laborat\u00f3rio &#8211; Mec\u00e2nica (2), T\u00e9cnico de Tecnologia da Informa\u00e7\u00e3o (6), T\u00e9cnico em Contabilidade (1), Analista de Tecnologia da Informa\u00e7\u00e3o (1), Assistente Social (1), Bibliotec\u00e1rio\/Documentalista (2) e M\u00e9dico\/M\u00e9dico do trabalho (1).<\/p>\n<p style=\"text-align: justify;\">A carga hor\u00e1ria \u00e9 de 40 horas semanais, exceto para a vaga de m\u00e9dico, de 20 horas por semana. Os requisitos e atribui\u00e7\u00f5es dos cargos est\u00e3o dispostos no Anexo I do edital.\u00a0H\u00e1 cotas para pessoas com defici\u00eancia e negros.<\/p>\n<p style=\"text-align: justify;\">Os sal\u00e1rios iniciais variam de R$ 1.975,07 e R$ 2.446,96 para candidatos de n\u00edvel m\u00e9dio, at\u00e9 R$ 4.180,66 para de n\u00edvel superior.<\/p>\n<p dir=\"ltr\" style=\"text-align: justify;\">O exerc\u00edcio dos aprovados e convocados poder\u00e1 se dar em qualquer um dos campi do IFMS, localizados nos munic\u00edpios de Aquidauana, Campo Grande, Corumb\u00e1, Coxim, Dourados, Jardim, Navira\u00ed, Nova Andradina, Ponta Por\u00e3 e Tr\u00eas Lagoas, ou em qualquer unidade que venha a ser criada.<\/p>\n<p dir=\"ltr\" style=\"text-align: justify;\"><strong>Inscri\u00e7\u00f5es <\/strong><\/p>\n<p dir=\"ltr\" style=\"text-align: justify;\">\u00a0J\u00e1 est\u00e3o abertas e devem ser feitas at\u00e9 29 de setembro\u00a0exclusivamente\u00a0pelo\u00a0<a title=\"site do Instituto AOCP\" href=\"http:\/\/www.ifms.edu.br:9000\/lists\/lt.php?tid=KxlQBgQOVANTAktRAlEBTlBdB1VOAQ4KBhtdAARQUQhbAQZUBl0fBlcHVgYOA1NOAQQEUU4NCQgGG1pRBwFPBVddDVNSC1cFAQRQHwBWVQdcUQtQTlsBCFIbDFIAVk9TAgBTH1IAAgUBVlFXAlgBVQ\" target=\"_blank\" rel=\"noopener\" data-saferedirecturl=\"https:\/\/www.google.com\/url?q=http:\/\/www.ifms.edu.br:9000\/lists\/lt.php?tid%3DKxlQBgQOVANTAktRAlEBTlBdB1VOAQ4KBhtdAARQUQhbAQZUBl0fBlcHVgYOA1NOAQQEUU4NCQgGG1pRBwFPBVddDVNSC1cFAQRQHwBWVQdcUQtQTlsBCFIbDFIAVk9TAgBTH1IAAgUBVlFXAlgBVQ&amp;source=gmail&amp;ust=1662546739006000&amp;usg=AOvVaw2B0tW_ScxQw13PZPIobmiY\">s<wbr \/>ite do Instituto AOCP<\/a>, organizador do certame.<\/p>\n<p dir=\"ltr\" style=\"text-align: justify;\">No mesmo endere\u00e7o est\u00e3o dispon\u00edveis o\u00a0<a title=\"edital 066\/2022\" href=\"http:\/\/www.ifms.edu.br:9000\/lists\/lt.php?tid=KxkHC1YNAVRTWEsGAgVSTlAHAlpOAAwPVBsIVgELUABWUlNUBwsfBlcHVgYOA1NOAQQEUU4NCQgGG1pRBwFPBVddDVNSC1cFAQRQHwBWVQdcUQtQTlsBCFIbDFIAVk9TAgBTH1IAAgUBVlFXAlgBVQ\" target=\"_blank\" rel=\"noopener\" data-saferedirecturl=\"https:\/\/www.google.com\/url?q=http:\/\/www.ifms.edu.br:9000\/lists\/lt.php?tid%3DKxkHC1YNAVRTWEsGAgVSTlAHAlpOAAwPVBsIVgELUABWUlNUBwsfBlcHVgYOA1NOAQQEUU4NCQgGG1pRBwFPBVddDVNSC1cFAQRQHwBWVQdcUQtQTlsBCFIbDFIAVk9TAgBTH1IAAgUBVlFXAlgBVQ&amp;source=gmail&amp;ust=1662546739006000&amp;usg=AOvVaw3XCigjU0Jv9dRMyz_pyjtB\">edital 066\/2022, de abertura do processo<\/a>, o\u00a0<a title=\"cronograma completo\" href=\"http:\/\/www.ifms.edu.br:9000\/lists\/lt.php?tid=KxkCVlEMVAkCBUtXBFdVTlAHBlROAQwJBBtbVAIHUVRQU1QGXQsfBlcHVgYOA1NOAQQEUU4NCQgGG1pRBwFPBVddDVNSC1cFAQRQHwBWVQdcUQtQTlsBCFIbDFIAVk9TAgBTH1IAAgUBVlFXAlgBVQ\" target=\"_blank\" rel=\"noopener\" data-saferedirecturl=\"https:\/\/www.google.com\/url?q=http:\/\/www.ifms.edu.br:9000\/lists\/lt.php?tid%3DKxkCVlEMVAkCBUtXBFdVTlAHBlROAQwJBBtbVAIHUVRQU1QGXQsfBlcHVgYOA1NOAQQEUU4NCQgGG1pRBwFPBVddDVNSC1cFAQRQHwBWVQdcUQtQTlsBCFIbDFIAVk9TAgBTH1IAAgUBVlFXAlgBVQ&amp;source=gmail&amp;ust=1662546739006000&amp;usg=AOvVaw31bof4xRVUV34hOUs8vc07\">cronograma completo<\/a>\u00a0e o\u00a0<a title=\"formul\u00e1rio de inscri\u00e7\u00e3o\" href=\"http:\/\/www.ifms.edu.br:9000\/lists\/lt.php?tid=KxkHAwQBVwlVUktTBFJdTlAABFpOWAAJBBsPUQYABAdbVVNUAAgfBlcHVgYOA1NOAQQEUU4NCQgGG1pRBwFPBVddDVNSC1cFAQRQHwBWVQdcUQtQTlsBCFIbDFIAVk9TAgBTH1IAAgUBVlFXAlgBVQ\" target=\"_blank\" rel=\"noopener\" data-saferedirecturl=\"https:\/\/www.google.com\/url?q=http:\/\/www.ifms.edu.br:9000\/lists\/lt.php?tid%3DKxkHAwQBVwlVUktTBFJdTlAABFpOWAAJBBsPUQYABAdbVVNUAAgfBlcHVgYOA1NOAQQEUU4NCQgGG1pRBwFPBVddDVNSC1cFAQRQHwBWVQdcUQtQTlsBCFIbDFIAVk9TAgBTH1IAAgUBVlFXAlgBVQ&amp;source=gmail&amp;ust=1662546739006000&amp;usg=AOvVaw23oDYI3yCj_moNr5r2Eur1\">formul\u00e1rio de inscri\u00e7\u00e3o<\/a>.<\/p>\n<p dir=\"ltr\" style=\"text-align: justify;\">O candidato poder\u00e1 efetuar inscri\u00e7\u00e3o para mais de um cargo, desde que a prova objetiva seja realizada em per\u00edodos distintos, devendo observar os per\u00edodos de aplica\u00e7\u00e3o da prova (manh\u00e3 e tarde) estabelecidos no edital.<\/p>\n<p dir=\"ltr\" style=\"text-align: justify;\">A taxa de inscri\u00e7\u00e3o varia entre R$ 70,00 e R$ 100,00, dependendo do cargo.\u00a0Haver\u00e1 isen\u00e7\u00e3o total do valor para candidatos inscritos no Cadastro \u00danico para Programas Sociais do Governo Federal (Cad\u00danico) ou doadores de medula \u00f3ssea. A solicita\u00e7\u00e3o de isen\u00e7\u00e3o dever\u00e1 ser feita at\u00e9 o pr\u00f3ximo dia 8, conforme as instru\u00e7\u00f5es dispostas no edital de abertura do concurso.<\/p>\n<p dir=\"ltr\" style=\"text-align: justify;\">Todos os editais, retifica\u00e7\u00f5es e documentos do concurso ser\u00e3o publicados exclusivamente no\u00a0<a title=\"site da institui\u00e7\u00e3o organizadora\" href=\"http:\/\/www.ifms.edu.br:9000\/lists\/lt.php?tid=KxlQBgQOVANTAktRAlEBTlBdB1VOAQ4KBhtdAARQUQhbAQZUBl0fBlcHVgYOA1NOAQQEUU4NCQgGG1pRBwFPBVddDVNSC1cFAQRQHwBWVQdcUQtQTlsBCFIbDFIAVk9TAgBTH1IAAgUBVlFXAlgBVQ\" target=\"_blank\" rel=\"noopener\" data-saferedirecturl=\"https:\/\/www.google.com\/url?q=http:\/\/www.ifms.edu.br:9000\/lists\/lt.php?tid%3DKxlQBgQOVANTAktRAlEBTlBdB1VOAQ4KBhtdAARQUQhbAQZUBl0fBlcHVgYOA1NOAQQEUU4NCQgGG1pRBwFPBVddDVNSC1cFAQRQHwBWVQdcUQtQTlsBCFIbDFIAVk9TAgBTH1IAAgUBVlFXAlgBVQ&amp;source=gmail&amp;ust=1662546739006000&amp;usg=AOvVaw2B0tW_ScxQw13PZPIobmiY\">site da institui\u00e7\u00e3o organizadora<\/a>.<\/p>\n<p dir=\"ltr\" style=\"text-align: justify;\"><strong>Cronograma<\/strong><\/p>\n<p dir=\"ltr\" style=\"text-align: justify;\">\u00a0Todas as datas do cronograma est\u00e3o dispon\u00edveis no edital. Abaixo, seguem as principais:<\/p>\n<ul style=\"text-align: justify;\">\n<li>\n<ul>\n<li>05 a 29\/09\/2022 &#8211; Per\u00edodo de inscri\u00e7\u00f5es<\/li>\n<li>05 a 08\/09\/2022 &#8211;\u00a0Solicita\u00e7\u00e3o de isen\u00e7\u00e3o da taxa de inscri\u00e7\u00e3o<\/li>\n<li>30\/09\/2022 &#8211; \u00daltimo dia para pagamento da taxa de inscri\u00e7\u00e3o<\/li>\n<li>25\/10\/2022 &#8211;\u00a0Divulga\u00e7\u00e3o do hor\u00e1rio e local da prova<\/li>\n<li>06\/11\/2022 &#8211; Aplica\u00e7\u00e3o da prova<\/li>\n<li>28\/12\/2022 &#8211;\u00a0Divulga\u00e7\u00e3o do resultado preliminar e classifica\u00e7\u00e3o dos candidatos<\/li>\n<li>09\/01\/2023 &#8211;\u00a0Homologa\u00e7\u00e3o do resultado final<\/li>\n<\/ul>\n<\/li>\n<\/ul>\n<p dir=\"ltr\" style=\"text-align: justify;\"><strong>Quadro de Vagas\u00a0<\/strong><\/p>\n<table border=\"1\" width=\"90%\" cellspacing=\"0\" cellpadding=\"0\">\n<tbody>\n<tr>\n<td><strong>Cargo<\/strong><\/td>\n<td><strong>Carga Hor\u00e1ria Semanal<\/strong><\/td>\n<td><strong>Vagas Ampla Concorr\u00eancia<\/strong><\/td>\n<td><strong>Vagas PcD<\/strong><\/td>\n<td><strong>Vagas para Negros<\/strong><\/td>\n<td><strong>Remunera\u00e7\u00e3o Inicial Bruta<\/strong><\/td>\n<td><strong>Taxa de Inscri\u00e7\u00e3o<\/strong><\/td>\n<td><strong>Per\u00edodo de Realiza\u00e7\u00e3o da Prova<\/strong><\/td>\n<\/tr>\n<tr>\n<td colspan=\"7\">\n<p align=\"center\"><strong>N\u00edvel C (Ensino M\u00e9dio)<\/strong><\/p>\n<\/td>\n<td><\/td>\n<\/tr>\n<tr>\n<td>\n<p align=\"center\">Assistente de Alunos<\/p>\n<\/td>\n<td>\n<p align=\"center\">40h<\/p>\n<\/td>\n<td>\n<p align=\"center\">4<\/p>\n<\/td>\n<td>\n<p align=\"center\">1<\/p>\n<\/td>\n<td>\n<p align=\"center\">1<\/p>\n<\/td>\n<td>\n<p align=\"center\">R$ 1.945,07<\/p>\n<\/td>\n<td>\n<p align=\"center\">R$ 70,00<\/p>\n<\/td>\n<td>\n<p align=\"center\">Tarde<\/p>\n<\/td>\n<\/tr>\n<tr>\n<td colspan=\"7\">\n<p align=\"center\"><strong>N\u00edvel D (Ensino M\u00e9dio)<\/strong><\/p>\n<\/td>\n<td><\/td>\n<\/tr>\n<tr>\n<td>\n<p align=\"center\">Assistente em Administra\u00e7\u00e3o<\/p>\n<\/td>\n<td>\n<p align=\"center\">40h<\/p>\n<\/td>\n<td>\n<p align=\"center\">7<\/p>\n<\/td>\n<td>\n<p align=\"center\">1<\/p>\n<\/td>\n<td>\n<p align=\"center\">2<\/p>\n<\/td>\n<td>\n<p align=\"center\">R$ 2.446,96<\/p>\n<\/td>\n<td>\n<p align=\"center\">R$ 90,00<\/p>\n<\/td>\n<td>\n<p align=\"center\">Manh\u00e3<\/p>\n<\/td>\n<\/tr>\n<tr>\n<td>\n<p align=\"center\">T\u00e9cnico de Laborat\u00f3rio &#8211; Agropecu\u00e1ria<\/p>\n<\/td>\n<td>\n<p align=\"center\">40h<\/p>\n<\/td>\n<td>\n<p align=\"center\">2<\/p>\n<\/td>\n<td>\n<p align=\"center\">&#8212;<\/p>\n<\/td>\n<td>\n<p align=\"center\">&#8212;<\/p>\n<\/td>\n<td rowspan=\"7\">\n<p align=\"center\">R$ 2.446,96<\/p>\n<\/td>\n<td rowspan=\"7\">\n<p align=\"center\">R$ 90,00<\/p>\n<\/td>\n<td rowspan=\"7\">Tarde<\/td>\n<\/tr>\n<tr>\n<td>\n<p align=\"center\">T\u00e9cnico de Laborat\u00f3rio &#8211; Alimentos<\/p>\n<\/td>\n<td>\n<p align=\"center\">40h<\/p>\n<\/td>\n<td>\n<p align=\"center\">1<\/p>\n<\/td>\n<td>\n<p align=\"center\">&#8212;<\/p>\n<\/td>\n<td>\n<p align=\"center\">&#8212;<\/p>\n<\/td>\n<\/tr>\n<tr>\n<td>\n<p align=\"center\">T\u00e9cnico de Laborat\u00f3rio &#8211; Edifica\u00e7\u00f5es<\/p>\n<\/td>\n<td>\n<p align=\"center\">40h<\/p>\n<\/td>\n<td>\n<p align=\"center\">2<\/p>\n<\/td>\n<td>\n<p align=\"center\">&#8212;<\/p>\n<\/td>\n<td>\n<p align=\"center\">1<\/p>\n<\/td>\n<\/tr>\n<tr>\n<td>\n<p align=\"center\">T\u00e9cnico de Laborat\u00f3rio &#8211; Inform\u00e1tica<\/p>\n<\/td>\n<td>\n<p align=\"center\">40h<\/p>\n<\/td>\n<td>\n<p align=\"center\">4<\/p>\n<\/td>\n<td>\n<p align=\"center\">1<\/p>\n<\/td>\n<td>\n<p align=\"center\">1<\/p>\n<\/td>\n<\/tr>\n<tr>\n<td>\n<p align=\"center\">T\u00e9cnico de Laborat\u00f3rio &#8211; Mec\u00e2nica<\/p>\n<\/td>\n<td>\n<p align=\"center\">40h<\/p>\n<\/td>\n<td>\n<p align=\"center\">2<\/p>\n<\/td>\n<td>\n<p align=\"center\">&#8212;<\/p>\n<\/td>\n<td>\n<p align=\"center\">&#8212;<\/p>\n<\/td>\n<\/tr>\n<tr>\n<td>\n<p align=\"center\">T\u00e9cnico de Tecnologia da Informa\u00e7\u00e3o<\/p>\n<\/td>\n<td>\n<p align=\"center\">40h<\/p>\n<\/td>\n<td>\n<p align=\"center\">4<\/p>\n<\/td>\n<td>\n<p align=\"center\">1<\/p>\n<\/td>\n<td>\n<p align=\"center\">1<\/p>\n<\/td>\n<\/tr>\n<tr>\n<td>\n<p align=\"center\">T\u00e9cnico em Contabilidade<\/p>\n<\/td>\n<td>\n<p align=\"center\">40h<\/p>\n<\/td>\n<td>\n<p align=\"center\">1<\/p>\n<\/td>\n<td>\n<p align=\"center\">&#8212;<\/p>\n<\/td>\n<td>\n<p align=\"center\">&#8212;<\/p>\n<\/td>\n<\/tr>\n<tr>\n<td colspan=\"7\">\n<p align=\"center\"><strong>N\u00edvel E (Ensino Superior)<\/strong><\/p>\n<\/td>\n<td><\/td>\n<\/tr>\n<tr>\n<td>\n<p align=\"center\">Analista de Tecnologia da Informa\u00e7\u00e3o<\/p>\n<\/td>\n<td>\n<p align=\"center\">40h<\/p>\n<\/td>\n<td>\n<p align=\"center\">1<\/p>\n<\/td>\n<td>\n<p align=\"center\">&#8212;<\/p>\n<\/td>\n<td>\n<p align=\"center\">&#8212;<\/p>\n<\/td>\n<td rowspan=\"4\">\n<p align=\"center\">R$ 4.180,66<\/p>\n<\/td>\n<td rowspan=\"4\">\n<p align=\"center\">R$ 100,00<\/p>\n<\/td>\n<td rowspan=\"4\">\n<p align=\"center\">Tarde<\/p>\n<\/td>\n<\/tr>\n<tr>\n<td>\n<p align=\"center\">Assistente Social<\/p>\n<\/td>\n<td>\n<p align=\"center\">40h<\/p>\n<\/td>\n<td>\n<p align=\"center\">1<\/p>\n<\/td>\n<td>\n<p align=\"center\">&#8212;<\/p>\n<\/td>\n<td>\n<p align=\"center\">&#8212;<\/p>\n<\/td>\n<\/tr>\n<tr>\n<td>\n<p align=\"center\">Bibliotec\u00e1rio\/Documentalista<\/p>\n<\/td>\n<td>\n<p align=\"center\">40h<\/p>\n<\/td>\n<td>\n<p align=\"center\">2<\/p>\n<\/td>\n<td>\n<p align=\"center\">&#8212;<\/p>\n<\/td>\n<td>\n<p align=\"center\">&#8212;<\/p>\n<\/td>\n<\/tr>\n<tr>\n<td>\n<p align=\"center\">M\u00e9dico\/M\u00e9dico do trabalho<\/p>\n<\/td>\n<td>\n<p align=\"center\">20h<\/p>\n<\/td>\n<td>\n<p align=\"center\">1<\/p>\n<\/td>\n<td>\n<p align=\"center\">&#8212;<\/p>\n<\/td>\n<td>\n<p align=\"center\">&#8212;<\/p>\n<\/td>\n<\/tr>\n<\/tbody>\n<\/table>\n","protected":false},"excerpt":{"rendered":"<p>Foi publicado edital de concurso p\u00fablico com 42 vagas para cargos t\u00e9cnicos-administrativos em educa\u00e7\u00e3o de n\u00edveis de ensino m\u00e9dio e superior do Instituto Federal de Mato Grosso do Sul (IFMS). H\u00e1 vagas para Assistente de Alunos (6), Assistente em Administra\u00e7\u00e3o (10), T\u00e9cnico de Laborat\u00f3rio &#8211; Agropecu\u00e1ria (2), T\u00e9cnico de Laborat\u00f3rio &#8211; Alimentos (1), T\u00e9cnico de [&hellip;]<\/p>\n","protected":false},"author":2,"featured_media":174086,"comment_status":"open","ping_status":"open","sticky":false,"template":"","format":"standard","meta":{"_monsterinsights_skip_tracking":false,"_monsterinsights_sitenote_active":false,"_monsterinsights_sitenote_note":"","_monsterinsights_sitenote_category":0},"categories":[30261],"tags":[186,972,455],"aioseo_notices":[],"_links":{"self":[{"href":"http:\/\/mspontocom.com.br\/site\/wp-json\/wp\/v2\/posts\/174079"}],"collection":[{"href":"http:\/\/mspontocom.com.br\/site\/wp-json\/wp\/v2\/posts"}],"about":[{"href":"http:\/\/mspontocom.com.br\/site\/wp-json\/wp\/v2\/types\/post"}],"author":[{"embeddable":true,"href":"http:\/\/mspontocom.com.br\/site\/wp-json\/wp\/v2\/users\/2"}],"replies":[{"embeddable":true,"href":"http:\/\/mspontocom.com.br\/site\/wp-json\/wp\/v2\/comments?post=174079"}],"version-history":[{"count":2,"href":"http:\/\/mspontocom.com.br\/site\/wp-json\/wp\/v2\/posts\/174079\/revisions"}],"predecessor-version":[{"id":174087,"href":"http:\/\/mspontocom.com.br\/site\/wp-json\/wp\/v2\/posts\/174079\/revisions\/174087"}],"wp:featuredmedia":[{"embeddable":true,"href":"http:\/\/mspontocom.com.br\/site\/wp-json\/wp\/v2\/media\/174086"}],"wp:attachment":[{"href":"http:\/\/mspontocom.com.br\/site\/wp-json\/wp\/v2\/media?parent=174079"}],"wp:term":[{"taxonomy":"category","embeddable":true,"href":"http:\/\/mspontocom.com.br\/site\/wp-json\/wp\/v2\/categories?post=174079"},{"taxonomy":"post_tag","embeddable":true,"href":"http:\/\/mspontocom.com.br\/site\/wp-json\/wp\/v2\/tags?post=174079"}],"curies":[{"name":"wp","href":"https:\/\/api.w.org\/{rel}","templated":true}]}}