{"id":174745,"date":"2022-09-28T05:07:13","date_gmt":"2022-09-28T09:07:13","guid":{"rendered":"https:\/\/mspontocom.com.br\/site\/?p=174745"},"modified":"2022-09-28T06:12:42","modified_gmt":"2022-09-28T10:12:42","slug":"concurso-publico-do-ifms-ultimos-dias-de-inscricoes","status":"publish","type":"post","link":"http:\/\/mspontocom.com.br\/site\/concurso-publico-do-ifms-ultimos-dias-de-inscricoes\/","title":{"rendered":"Concurso p\u00fablico do IFMS:  \u00daltimos dias de inscri\u00e7\u00f5es"},"content":{"rendered":"<p style=\"text-align: justify;\"><img loading=\"lazy\" class=\"alignnone size-medium wp-image-174746\" src=\"https:\/\/mspontocom.com.br\/site\/wp-content\/uploads\/2022\/09\/site-oncurso-publico-do-ifms-ultimos-dias-de-inscricoes-concurso-ifms-260x155.png\" alt=\"\" width=\"260\" height=\"155\" srcset=\"http:\/\/mspontocom.com.br\/site\/wp-content\/uploads\/2022\/09\/site-oncurso-publico-do-ifms-ultimos-dias-de-inscricoes-concurso-ifms-260x155.png 260w, http:\/\/mspontocom.com.br\/site\/wp-content\/uploads\/2022\/09\/site-oncurso-publico-do-ifms-ultimos-dias-de-inscricoes-concurso-ifms.png 768w\" sizes=\"(max-width: 260px) 100vw, 260px\" \/><\/p>\n<p style=\"text-align: justify;\">Termina nesta quinta-feira, 29, o prazo de\u00a0inscri\u00e7\u00f5es no concurso p\u00fablico para o Instituto Federal de Mato Grosso do Sul (IFMS).<\/p>\n<p style=\"text-align: justify;\">S\u00e3o ofertadas 42 vagas em cargos\u00a0t\u00e9cnico-<wbr \/>administrativos\u00a0de n\u00edveis m\u00e9dio e superior.<\/p>\n<p style=\"text-align: justify;\">Os interessados devem acessar a\u00a0<a title=\"\" href=\"http:\/\/www.ifms.edu.br:9000\/lists\/lt.php?tid=KxlQBgQOVANTAktRAlEBTlBdB1VOAQ4KBhtdAARQUQhbAQZUBl0fAgdXXwICWQdOBVBTVE4NXQBXGwBVV1BPVAYHUwJQAQAIVQMFHwBWVQdcUQtQTlsBCFIbDFIAVk9TAgBTH1IAAgUBVlFXAlgBVQ\" target=\"_blank\" rel=\"noopener\" data-saferedirecturl=\"https:\/\/www.google.com\/url?q=http:\/\/www.ifms.edu.br:9000\/lists\/lt.php?tid%3DKxlQBgQOVANTAktRAlEBTlBdB1VOAQ4KBhtdAARQUQhbAQZUBl0fAgdXXwICWQdOBVBTVE4NXQBXGwBVV1BPVAYHUwJQAQAIVQMFHwBWVQdcUQtQTlsBCFIbDFIAVk9TAgBTH1IAAgUBVlFXAlgBVQ&amp;source=gmail&amp;ust=1664445595284000&amp;usg=AOvVaw2RfaT1Dh49rzhdsJvgTdRj\">p\u00e1gina do Instituto AOCP<\/a>, respons\u00e1vel pelo certame, onde est\u00e3o dispon\u00edveis o edital de abertura e o\u00a0<a title=\"formul\u00e1rio de inscri\u00e7\u00e3o\" href=\"http:\/\/www.ifms.edu.br:9000\/lists\/lt.php?tid=KxlQAV0PAlECVksHVVFQTlBRBwdOW1oBBBsIUgQHUgEGBlYHAA4fAgdXXwICWQdOBVBTVE4NXQBXGwBVV1BPVAYHUwJQAQAIVQMFHwBWVQdcUQtQTlsBCFIbDFIAVk9TAgBTH1IAAgUBVlFXAlgBVQ\" target=\"_blank\" rel=\"noopener\" data-saferedirecturl=\"https:\/\/www.google.com\/url?q=http:\/\/www.ifms.edu.br:9000\/lists\/lt.php?tid%3DKxlQAV0PAlECVksHVVFQTlBRBwdOW1oBBBsIUgQHUgEGBlYHAA4fAgdXXwICWQdOBVBTVE4NXQBXGwBVV1BPVAYHUwJQAQAIVQMFHwBWVQdcUQtQTlsBCFIbDFIAVk9TAgBTH1IAAgUBVlFXAlgBVQ&amp;source=gmail&amp;ust=1664445595284000&amp;usg=AOvVaw1PN_-_9dmrxZg4YY6-k8DM\">formul\u00e1rio para inscri\u00e7\u00e3o<\/a>.<\/p>\n<p style=\"text-align: justify;\">A taxa de inscri\u00e7\u00e3o varia entre R$ 70 e R$ 100, dependendo do cargo.<\/p>\n<p style=\"text-align: justify;\">As\u00a0vagas s\u00e3o para:\u00a0Assistente de Alunos (6 vagas);\u00a0Assistente em Administra\u00e7\u00e3o (10);\u00a0T\u00e9cnico de Laborat\u00f3rio \u2013 Agropecu\u00e1ria (2);\u00a0T\u00e9cnico de Laborat\u00f3rio \u2013 Alimentos (1);\u00a0T\u00e9cnico de Laborat\u00f3rio \u2013 Edifica\u00e7\u00f5es (3);\u00a0T\u00e9cnico de Laborat\u00f3rio \u2013 Inform\u00e1tica (6);\u00a0T\u00e9cnico de Laborat\u00f3rio \u2013 Mec\u00e2nica (2);\u00a0T\u00e9cnico de Tecnologia da Informa\u00e7\u00e3o (6);\u00a0T\u00e9cnico em Contabilidade (1);\u00a0Analista de Tecnologia da Informa\u00e7\u00e3o (1);\u00a0Assistente Social (1);\u00a0Bibliotec\u00e1rio\/<wbr \/>Documentalista (2);\u00a0M\u00e9dico\/M\u00e9dico do Trabalho (1).<\/p>\n<p style=\"text-align: justify;\">A carga hor\u00e1ria \u00e9 de 40 horas semanais, exceto para a vaga de M\u00e9dico (20 horas por semana).<\/p>\n<p style=\"text-align: justify;\">Das vagas ofertadas h\u00e1 reserva para pessoas com defici\u00eancia e negros.<\/p>\n<p style=\"text-align: justify;\">Os sal\u00e1rios iniciais variam de R$ 1.975,07 e R$ 2.446,96, para n\u00edvel m\u00e9dio, at\u00e9 R$ 4.180,66 para de n\u00edvel superior.<\/p>\n<p style=\"text-align: justify;\">O exerc\u00edcio dos convocados poder\u00e1 se dar em qualquer uma das unidades do IFMS, localizadas em Aquidauana, Campo Grande (campus e reitoria), Corumb\u00e1, Coxim, Dourados, Jardim, Navira\u00ed, Nova Andradina, Ponta Por\u00e3 e Tr\u00eas Lagoas.<\/p>\n<p style=\"text-align: justify;\">\n<p><strong>Quadro de Vagas\u00a0<\/strong><\/p>\n<table>\n<tbody>\n<tr>\n<td><strong>Cargo<\/strong><\/td>\n<td><strong>Carga Hor\u00e1ria Semanal<\/strong><\/td>\n<td><strong>Vagas Ampla Concorr\u00eancia<\/strong><\/td>\n<td><strong>Vagas PcD<\/strong><\/td>\n<td><strong>Vagas para Negros<\/strong><\/td>\n<td><strong>Remunera\u00e7\u00e3o Inicial Bruta<\/strong><\/td>\n<td><strong>Taxa de Inscri\u00e7\u00e3o<\/strong><\/td>\n<td><strong>Per\u00edodo de Realiza\u00e7\u00e3o da Prova<\/strong><\/td>\n<\/tr>\n<tr>\n<td colspan=\"7\"><strong>N\u00edvel C (Ensino M\u00e9dio)<\/strong><\/td>\n<td><\/td>\n<\/tr>\n<tr>\n<td>Assistente de Alunos<\/td>\n<td>40h<\/td>\n<td>4<\/td>\n<td>1<\/td>\n<td>1<\/td>\n<td>R$ 1.945,07<\/td>\n<td>R$ 70,00<\/td>\n<td>Tarde<\/td>\n<\/tr>\n<tr>\n<td colspan=\"7\"><strong>N\u00edvel D (Ensino M\u00e9dio)<\/strong><\/td>\n<td><\/td>\n<\/tr>\n<tr>\n<td>Assistente em Administra\u00e7\u00e3o<\/td>\n<td>40h<\/td>\n<td>7<\/td>\n<td>1<\/td>\n<td>2<\/td>\n<td>R$ 2.446,96<\/td>\n<td>R$ 90,00<\/td>\n<td>Manh\u00e3<\/td>\n<\/tr>\n<tr>\n<td>T\u00e9cnico de Laborat\u00f3rio &#8211; Agropecu\u00e1ria<\/td>\n<td>40h<\/td>\n<td>2<\/td>\n<td>&#8212;<\/td>\n<td>&#8212;<\/td>\n<td rowspan=\"7\">R$ 2.446,96<\/td>\n<td rowspan=\"7\">R$ 90,00<\/td>\n<td rowspan=\"7\">Tarde<\/td>\n<\/tr>\n<tr>\n<td>T\u00e9cnico de Laborat\u00f3rio &#8211; Alimentos<\/td>\n<td>40h<\/td>\n<td>1<\/td>\n<td>&#8212;<\/td>\n<td>&#8212;<\/td>\n<\/tr>\n<tr>\n<td>T\u00e9cnico de Laborat\u00f3rio &#8211; Edifica\u00e7\u00f5es<\/td>\n<td>40h<\/td>\n<td>2<\/td>\n<td>&#8212;<\/td>\n<td>1<\/td>\n<\/tr>\n<tr>\n<td>T\u00e9cnico de Laborat\u00f3rio &#8211; Inform\u00e1tica<\/td>\n<td>40h<\/td>\n<td>4<\/td>\n<td>1<\/td>\n<td>1<\/td>\n<\/tr>\n<tr>\n<td>T\u00e9cnico de Laborat\u00f3rio &#8211; Mec\u00e2nica<\/td>\n<td>40h<\/td>\n<td>2<\/td>\n<td>&#8212;<\/td>\n<td>&#8212;<\/td>\n<\/tr>\n<tr>\n<td>T\u00e9cnico de Tecnologia da Informa\u00e7\u00e3o<\/td>\n<td>40h<\/td>\n<td>4<\/td>\n<td>1<\/td>\n<td>1<\/td>\n<\/tr>\n<tr>\n<td>T\u00e9cnico em Contabilidade<\/td>\n<td>40h<\/td>\n<td>1<\/td>\n<td>&#8212;<\/td>\n<td>&#8212;<\/td>\n<\/tr>\n<tr>\n<td colspan=\"7\"><strong>N\u00edvel E (Ensino Superior)<\/strong><\/td>\n<td><\/td>\n<\/tr>\n<tr>\n<td>Analista de Tecnologia da Informa\u00e7\u00e3o<\/td>\n<td>40h<\/td>\n<td>1<\/td>\n<td>&#8212;<\/td>\n<td>&#8212;<\/td>\n<td rowspan=\"4\">R$ 4.180,66<\/td>\n<td rowspan=\"4\">R$ 100,00<\/td>\n<td rowspan=\"4\">Tarde<\/td>\n<\/tr>\n<tr>\n<td>Assistente Social<\/td>\n<td>40h<\/td>\n<td>1<\/td>\n<td>&#8212;<\/td>\n<td>&#8212;<\/td>\n<\/tr>\n<tr>\n<td>Bibliotec\u00e1rio\/Documentalista<\/td>\n<td>40h<\/td>\n<td>2<\/td>\n<td>&#8212;<\/td>\n<td>&#8212;<\/td>\n<\/tr>\n<tr>\n<td>M\u00e9dico\/M\u00e9dico do trabalho<\/td>\n<td>20h<\/td>\n<td>1<\/td>\n<td>&#8212;<\/td>\n<td>&#8212;<\/td>\n<\/tr>\n<\/tbody>\n<\/table>\n<p>&nbsp;<\/p>\n","protected":false},"excerpt":{"rendered":"<p>Termina nesta quinta-feira, 29, o prazo de\u00a0inscri\u00e7\u00f5es no concurso p\u00fablico para o Instituto Federal de Mato Grosso do Sul (IFMS). S\u00e3o ofertadas 42 vagas em cargos\u00a0t\u00e9cnico-administrativos\u00a0de n\u00edveis m\u00e9dio e superior. Os interessados devem acessar a\u00a0p\u00e1gina do Instituto AOCP, respons\u00e1vel pelo certame, onde est\u00e3o dispon\u00edveis o edital de abertura e o\u00a0formul\u00e1rio para inscri\u00e7\u00e3o. A taxa de [&hellip;]<\/p>\n","protected":false},"author":2,"featured_media":174746,"comment_status":"open","ping_status":"open","sticky":false,"template":"","format":"standard","meta":{"_monsterinsights_skip_tracking":false,"_monsterinsights_sitenote_active":false,"_monsterinsights_sitenote_note":"","_monsterinsights_sitenote_category":0},"categories":[30261],"tags":[124,972,455],"aioseo_notices":[],"_links":{"self":[{"href":"http:\/\/mspontocom.com.br\/site\/wp-json\/wp\/v2\/posts\/174745"}],"collection":[{"href":"http:\/\/mspontocom.com.br\/site\/wp-json\/wp\/v2\/posts"}],"about":[{"href":"http:\/\/mspontocom.com.br\/site\/wp-json\/wp\/v2\/types\/post"}],"author":[{"embeddable":true,"href":"http:\/\/mspontocom.com.br\/site\/wp-json\/wp\/v2\/users\/2"}],"replies":[{"embeddable":true,"href":"http:\/\/mspontocom.com.br\/site\/wp-json\/wp\/v2\/comments?post=174745"}],"version-history":[{"count":1,"href":"http:\/\/mspontocom.com.br\/site\/wp-json\/wp\/v2\/posts\/174745\/revisions"}],"predecessor-version":[{"id":174747,"href":"http:\/\/mspontocom.com.br\/site\/wp-json\/wp\/v2\/posts\/174745\/revisions\/174747"}],"wp:featuredmedia":[{"embeddable":true,"href":"http:\/\/mspontocom.com.br\/site\/wp-json\/wp\/v2\/media\/174746"}],"wp:attachment":[{"href":"http:\/\/mspontocom.com.br\/site\/wp-json\/wp\/v2\/media?parent=174745"}],"wp:term":[{"taxonomy":"category","embeddable":true,"href":"http:\/\/mspontocom.com.br\/site\/wp-json\/wp\/v2\/categories?post=174745"},{"taxonomy":"post_tag","embeddable":true,"href":"http:\/\/mspontocom.com.br\/site\/wp-json\/wp\/v2\/tags?post=174745"}],"curies":[{"name":"wp","href":"https:\/\/api.w.org\/{rel}","templated":true}]}}